{"id":3084,"date":"2024-11-15T10:29:41","date_gmt":"2024-11-15T08:29:41","guid":{"rendered":"https:\/\/www.ecolife.bio\/?p=3084"},"modified":"2025-11-18T21:03:09","modified_gmt":"2025-11-18T19:03:09","slug":"az-okotudatos-eletmod-elonyei-miert-erdemes-valtani","status":"publish","type":"post","link":"https:\/\/www.ecolife.bio\/hu\/blog\/az-okotudatos-eletmod-elonyei-miert-erdemes-valtani\/","title":{"rendered":""},"content":{"rendered":"<p><\/p><p><strong><em>Mi sem voltunk mindig \u00f6kotudatosak &#8211; de v\u00e1lasztottunk &#8211; \u00e9s sok minden megv\u00e1ltozott az \u00e9let\u00fcnkben, pozit\u00edv ir\u00e1nyban!<\/em><\/strong><\/p><h2 class=\"wp-block-heading\" id=\"nem-tartalmaznak-eszterquatot-1-4-dioxant-lauril-szulfatot-allergen-illatanyagokat-mit-okozhatnak-ezek-az-anyagok\"><\/h2><p><strong>Az \u00f6kotudatos \u00e9letm\u00f3d egyre nagyobb figyelmet kap, \u00e9s nem v\u00e9letlen\u00fcl. <\/strong>Az \u00e9letvitel\u00fcnk k\u00f6rnyezetbar\u00e1tabb\u00e1 t\u00e9tele nem csup\u00e1n a bolyg\u00f3nak kedvez, hanem <strong>a saj\u00e1t EG\u00c9SZS\u00c9G\u00dcNKRE \u00e9s P\u00c9NZT\u00c1RC\u00c1NKRA is nagyon pozit\u00edv hat\u00e1ssal <\/strong>lehet, ha odafigyel\u00fcnk! N\u00e9zz\u00fck meg k\u00f6zelebbr\u0151l, milyen el\u0151ny\u00f6ket rejt mag\u00e1ban ez a fenntarthat\u00f3 megk\u00f6zel\u00edt\u00e9s.<\/p><p><strong><mark style=\"background-color:rgba(0, 0, 0, 0);color:#76d098\" class=\"has-inline-color\">1. <\/mark><\/strong><mark style=\"background-color:rgba(0, 0, 0, 0);color:#76d098\" class=\"has-inline-color\"><strong>K\u00f6rnyezetv\u00e9delem \u00e9s fenntarthat\u00f3s\u00e1g<\/strong><\/mark> &#8211; az otthonunk minden szegmens\u00e9ben!<\/p><p><strong>Az \u00f6kotudatos \u00e9letm\u00f3d egyik legnagyobb el\u0151nye<\/strong>, hogy hozz\u00e1j\u00e1rul a bolyg\u00f3 meg\u00f3v\u00e1s\u00e1hoz &#8211; <strong>amely ugye minden pillanatban gondoskodik arr\u00f3l, hogy legyen \u00c9LELM\u00dcNK &#8211; OTTHONUNK &#8211; \u00e9s csod\u00e1s K\u00d6RNYEZET\u00dcNK, vir\u00e1gaink, f\u00e1ink  \u00e9s a madarak csicserg\u00e9s\u00e9re \u00e9bredj\u00fcnk. <\/strong><\/p><p>A k<strong>evesebb hullad\u00e9ktermel\u00e9s<\/strong>, a <strong>meg\u00fajul\u00f3 energiaforr\u00e1sok <\/strong>haszn\u00e1lata \u00e9s az <strong>egyszer haszn\u00e1latos m\u0171anyagok elker\u00fcl\u00e9se<\/strong>  &#8211; vagy <strong>a felel\u0151ss\u00e9gteljes gy\u00e1rt\u00e1s<\/strong> &#8211; mely visszaforgatja az \u00e1ltala termelt hullad\u00e9kot a gy\u00e1rt\u00e1sba &#8211; l<strong>\u00e1sd ECOlife <\/strong>&#8211; <a href=\"https:\/\/www.ecolife.bio\/hu\/kiszallitas-visszavaltas\/\">https:\/\/www.ecolife.bio\/hu\/kiszallitas-visszavaltas\/<\/a> &#8211; mind seg\u00edtenek cs\u00f6kkenteni a k\u00f6rnyezeti terhel\u00e9st. Ha p\u00e9ld\u00e1ul <strong>\u00fajrahaszn\u00e1lhat\u00f3 v\u00e1szont\u00e1sk\u00e1t vagy h\u00e1l\u00f3t  <\/strong>haszn\u00e1lunk a bev\u00e1s\u00e1rl\u00e1s sor\u00e1n, m\u00e1ris kevesebb m\u0171anyag zacsk\u00f3 ker\u00fcl a szem\u00e9ttelepekre \u00e9s az \u00f3ce\u00e1nokba.<\/p><p><strong><em>DE nekem sem volt egyszer\u0171 mindezt megszoknom<\/em><\/strong> &#8211; a szok\u00e1s hatalma, az hogy a bev\u00e1s\u00e1rl\u00e1skor, ugyan ott volt a kosaramban a h\u00e1l\u00f3 a z\u00f6lds\u00e9gekre \u00e9s a gy\u00fcm\u00f6lcs\u00f6kre &#8211; a v\u00e1szont\u00e1ska &#8211; DE \u00e9n h\u00f3napokon kereszt\u00fcl let\u00e9ptem m\u00e9g a zacsk\u00f3t &#8211; majd \u00e9szbe kaptam &#8211; hiszen a kosaramban van, amibe pakolni szeretn\u00e9m! Na, ekkor kell tudatosan figyelni &#8211; hogy ezek v\u00e1ljanak rutinn\u00e1 , ne a m\u0171anyag zacsk\u00f3 let\u00e9p\u00e9se. <strong>Ma m\u00e1r elmondhatom &#8211; 1,5 \u00e9v eltelt\u00e9vel <\/strong>&#8211; m\u0171anyagot nem haszn\u00e1lok ilyen form\u00e1ban!<\/p><p><strong>De gondolkodhatn\u00e1nk abban is<\/strong> &#8211; hogy k\u00f6vetkezetesen \u00fajrahasznos\u00edtjuk \u0151ket &#8211; teh\u00e1t amit megtermel\u00fcnk &#8211; <strong>visszaforgatjuk<\/strong> &#8211; hiszen, \u00e9n m\u00e1r 1x &#8211; 2x elcsod\u00e1lkoztam &#8211; hogy a HDPE kem\u00e9nyebb m\u0171anyag &#8211; amelybe a tiszt\u00edt\u00f3szereket is csomagoljuk &#8211; az \u00fajrahasznos\u00edt\u00e1s folyamat\u00e1val &#8211; i<strong>d\u0151t\u00e1ll\u00f3 sz\u0151nyegeket lehet gy\u00e1rtani &#8211; amelyr\u0151l senki, de senki nem mondja meg &#8211; hogy hullad\u00e9k m\u0171anyagb\u00f3l gy\u00e1rt\u00f3dott<\/strong>!<\/p><p><strong>Gondolkozni \u00e9s k\u00f6vetkezetesen cselekedni, igaz\u00e1n felv\u00e1llalni, hogy m\u00e1sk\u00e9pp is lehet! Egy\u00fctt!<\/strong><\/p><p><strong><mark style=\"background-color:rgba(0, 0, 0, 0);color:#76d098\" class=\"has-inline-color\">2. Eg\u00e9szs\u00e9gesebb \u00e9let<\/mark><\/strong> &#8211; <strong><em>10 \u00e9ve orvos nem l\u00e1tott! Vitaminok, \u00e9trend kieg\u00e9sz\u00edt\u0151k, rendszeres mozg\u00e1s, medit\u00e1ci\u00f3 &#8211; mosolyg\u00f3s \u00e9letfelfog\u00e1s, vegyszermentes k\u00f6rnyezet!<\/em><\/strong><\/p><p><strong>A val\u00f3di term\u00e9szetes alapanyagokb\u00f3l k\u00e9sz\u00fclt term\u00e9kek <\/strong>\u2013 l<em>egyen sz\u00f3 \u00e9lelmiszerr\u0151l, tiszt\u00edt\u00f3szerekr\u0151l vagy kozmetikumokr\u00f3l \u2013<\/em> nem tartalmaznak k\u00e1ros vegyi anyagokat, amelyek hossz\u00fa t\u00e1von k\u00e1ros\u00edthatj\u00e1k az eg\u00e9szs\u00e9get &#8211; mivel ha tetszik, ha nem &#8211; ezekkel napi szinten \u00e9rintkez\u00fcnk. <\/p><p><strong>\u00c9s igaz: sokszor azt mondjuk &#8211; \u00e1\u00e1\u00e1\u00e1\u00e1\u00e1\u00e1, ennyi biztosan nem \u00e1rthat &#8211; DE belegondolt\u00e1l m\u00e1r abba &#8211; hogy egy nap mennyi ilyen apr\u00f3s\u00e1g gy\u0171lik \u00f6ssze az \u00e9letedben? A szappan, az arckr\u00e9m, a parfum, a mos\u00f3szer m\u00e9reganyag maradv\u00e1nyok a ruh\u00e1idon, az elmososott ed\u00e9nyeken ottmaradt &#8211; fel\u00fcletakt\u00edv  k\u00e9miai maradv\u00e1nyok, &#8230;. \u00e9s ez bizony m\u00e1r \u00c1RTALMAS mennyis\u00e9g!<\/strong><\/p><p><em>Mire tan\u00e1csos t\u00e9nyleg odafigyelni:<\/em><\/p><p>A kiskertedb\u0151l vagy az \u00f6kol\u00f3giai gazd\u00e1lkod\u00e1sb\u00f3l sz\u00e1rmaz\u00f3 z\u00f6lds\u00e9g, gy\u00fcm\u00fclcs stb. t\u00e1panyag d\u00fasabbak lehetnek, mivel nem haszn\u00e1lnak mesters\u00e9ges n\u00f6v\u00e9nyv\u00e9d\u0151 szereket \u00e9s m\u0171tr\u00e1gy\u00e1kat. A term\u00e9szetes tiszt\u00edt\u00f3szerek, mint p\u00e9ld\u00e1ul a <em>citromsav &nbsp;\u00e9s a sz\u00f3dabikarb\u00f3na, vagy a &#8220;val\u00f3ban \u00f6ko&#8221; term\u00e9kek <\/em>&#8211; nem pedig a h\u00edg\u00edtott k\u00e9miai v\u00e1ltozatok &#8211; pedig nemcsak <strong>hat\u00e9konyak, de biztons\u00e1gosak is a csal\u00e1d minden tagja sz\u00e1m\u00e1ra<\/strong>.<\/p><p><strong>Ebb\u0151l ugye egy\u00e9rtelm\u0171 <\/strong>&#8211; ha <em>eg\u00e9szs\u00e9gesebb vagy, ha nem kell orvost\u00f3l-orvosig j\u00e1rnod-kelned, ha nem kell gy\u00f3gyszerre k\u00f6ltened, vagy ink\u00e1bb vitamint veszel helyette &#8211; amellyel \u00e9p\u00edted magad \u00e9s a csal\u00e1dod eg\u00e9szs\u00e9g\u00e9t &#8211; akkor ugye \u00f6r\u00f6m \u00e9s vid\u00e1ms\u00e1g lesz majd benned \u00e9s a k\u00f6rnyezetedben &#8211; amely garant\u00e1lja a szebb \u00e9s jobb \u00e9letmin\u0151s\u00e9get!<\/em><\/p><p><strong><mark style=\"background-color:rgba(0, 0, 0, 0);color:#76d098\" class=\"has-inline-color\">3. K\u00f6lts\u00e9ghat\u00e9konys\u00e1g<\/mark><\/strong><\/p><p><strong>B\u00e1r els\u0151re \u00fagy t\u0171nhet, hogy az \u00f6kotudatos term\u00e9kek dr\u00e1g\u00e1bbak, hossz\u00fa t\u00e1von val\u00f3j\u00e1ban sp\u00f3rolhatunk vel\u00fck &#8211; ha ellen\u0151rz\u00f6tt, \u00f6ko tan\u00fas\u00edtv\u00e1nnyal ell\u00e1tott &#8211; felel\u0151s gy\u00e1rt\u00e1sb\u00f3l val\u00f3 term\u00e9ket v\u00e1lasztunk<\/strong>, amelyek egy\u00e9bk\u00e9nt \u00e1ltal\u00e1ban koncentr\u00e1tumok is egyben!<\/p><p><em>Az \u00fajrahaszn\u00e1lhat\u00f3 term\u00e9kek<\/em> \u2013 p\u00e9ld\u00e1ul textilpelenk\u00e1k, \u00fcveg v\u00edzpalackok \u2013 egyszeri befektet\u00e9st ig\u00e9nyelnek, de hossz\u00fa t\u00e1von olcs\u00f3bbak, mint az egyszer haszn\u00e1latos alternat\u00edv\u00e1k. Emellett a h\u00e1zi k\u00e9sz\u00edt\u00e9s\u0171 tiszt\u00edt\u00f3szerek, az \u00f6ko tiszt\u00edt\u00f3szer koncentr\u00e1tumok   &#8211; mint p\u00e9ld\u00e1ul az ECOlife term\u00e9keink: <a href=\"https:\/\/www.ecolife.bio\/hu\/kat\/ecolife-termekek\/\">https:\/\/www.ecolife.bio\/hu\/kat\/ecolife-termekek\/<\/a>, arra \u00f6szt\u00f6n\u00f6znek, hogy tudatosan figyelj oda &#8211; hiszen dr\u00e1g\u00e1bban v\u00e1s\u00e1roltad, \u00edgy kevesebbet fogsz pazarolni, ezzel pedig szint\u00e9n cs\u00f6kkented a kiad\u00e1sokat &#8211; nem t\u00e9ve eml\u00edt\u00e9st arr\u00f3l, ha \u00fajrat\u00f6lt\u0151 rendszerben v\u00e1s\u00e1rolsz term\u00e9keket!<\/p><p><strong><mark style=\"background-color:rgba(0, 0, 0, 0);color:#76d098\" class=\"has-inline-color\">4. Tudatosabb fogyaszt\u00e1s<\/mark><\/strong><\/p><p><strong>Saj\u00e1t tapasztalat: ha e mellett d\u00f6ntesz!<\/strong> PAZARL\u00c1S teh\u00e1t minimaliz\u00e1lva!<\/p><p><strong>Az \u00f6kotudatos \u00e9letm\u00f3d seg\u00edt jobban \u00e1tgondolni is azt, mire van val\u00f3ban sz\u00fcks\u00e9g\u00fcnk<\/strong>. A felesleges v\u00e1s\u00e1rl\u00e1sok elker\u00fcl\u00e9s\u00e9vel cs\u00f6kkenthetj\u00fck a hullad\u00e9ktermel\u00e9st \u00e9s t\u00e1mogathatjuk azokat a v\u00e1llalkoz\u00e1sokat, amelyek a fenntarthat\u00f3s\u00e1got helyezik el\u0151t\u00e9rbe. \u00cdgy nemcsak a k\u00f6rnyezetet \u00f3vjuk, de t\u00e1mogathatjuk a helyi gazdas\u00e1got is, amelyek itt, helyben n\u00f6velik, t\u00e1mogatj\u00e1k a kereskedelmet.<\/p><p><strong><mark style=\"background-color:rgba(0, 0, 0, 0);color:#76d098\" class=\"has-inline-color\">5. Pozit\u00edv hat\u00e1s a k\u00f6z\u00f6ss\u00e9gre<\/mark><\/strong> &#8211; <em>p\u00e9ld\u00e1t mutatsz &#8211; a pozit\u00edv p\u00e9lda pedig ragad\u00f3s!<\/em><\/p><p><strong>Az \u00f6kotudatos \u00e9letm\u00f3d nemcsak egy\u00e9ni szinten hat, hanem p\u00e9ld\u00e1t mutathat m\u00e1soknak is.<\/strong> Ha egy csal\u00e1dtag, bar\u00e1t vagy szomsz\u00e9d l\u00e1tja, hogy hogyan \u00e9lsz fenntarthat\u00f3bban, \u0151 is motiv\u00e1ci\u00f3t kaphat a v\u00e1ltoztat\u00e1sra. Egy\u00fctt egy nagyobb k\u00f6z\u00f6ss\u00e9gi v\u00e1ltoz\u00e1st is elind\u00edthatunk, ami hossz\u00fa t\u00e1von glob\u00e1lis szinten is hat\u00e1ssal lehet.<\/p><p><strong><mark style=\"background-color:rgba(0, 0, 0, 0);color:#76d098\" class=\"has-inline-color\">Hogyan kezdj\u00fcnk bele?<\/mark><\/strong> &#8211; \u00e9n is l\u00e9p\u00e9sr\u0151l-l\u00e9p\u00e9sre csin\u00e1ltam!<\/p><p><strong>Az \u00f6kotudatos \u00e9letm\u00f3d nem azt jelenti, hogy hirtelen minden szok\u00e1sunkat meg kell v\u00e1ltoztatni.<\/strong> Ez csak elveszi a kedv\u00fcnket! Apr\u00f3 l\u00e9p\u00e9sekkel kell elkezdeni, \u00edgy nagyobb a siker\u00e9lm\u00e9ny, p\u00e9ld\u00e1ul:<\/p><p><\/p><ul class=\"wp-block-list\"><li><strong>\u00dajrahaszn\u00e1lhat\u00f3 term\u00e9kek bevezet\u00e9se:<\/strong> Cser\u00e9lj\u00fck le az egyszer haszn\u00e1latos m\u0171anyagokat f\u00e9m sz\u00edv\u00f3sz\u00e1lakra, v\u00e1szont\u00e1sk\u00e1kra \u00e9s \u00fcveg palackokra.<\/li>\n\n<li><strong>Helyi termel\u0151k t\u00e1mogat\u00e1sa:<\/strong> V\u00e1s\u00e1roljunk helyi piacokon, ezzel cs\u00f6kkentve a sz\u00e1ll\u00edt\u00e1sb\u00f3l ad\u00f3d\u00f3 k\u00f6rnyezeti terhel\u00e9st \u00e9s t\u00e1mogatva a helyi gazdas\u00e1got.<\/li>\n\n<li><strong>Komposzt\u00e1l\u00e1s:<\/strong> Ha van r\u00e1 lehet\u0151s\u00e9g\u00fcnk, komposzt\u00e1ljuk a szerves hullad\u00e9kot, \u00edgy cs\u00f6kkentve a szem\u00e9t mennyis\u00e9g\u00e9t \u00e9s gazdag\u00edtva a talajt.<\/li>\n\n<li><strong>Term\u00e9szetes tiszt\u00edt\u00f3szerek haszn\u00e1lata:<\/strong> Az ecet, a sz\u00f3dabikarb\u00f3na \u00e9s a citroml\u00e9 kiv\u00e1l\u00f3 alternat\u00edv\u00e1i a vegyszeres tiszt\u00edt\u00f3szereknek &#8211; vagy az ECOlife 100%-ban term\u00e9szetes tiszt\u00edt\u00f3szerek, amelyeket pr\u00f3bacsomagokban is el\u00e9rsz: <a href=\"https:\/\/www.ecolife.bio\/hu\/kat\/probacsomagok\/\">https:\/\/www.ecolife.bio\/hu\/kat\/probacsomagok\/<\/a>.<\/li><\/ul><p>Az \u00f6kotudatos \u00e9letm\u00f3d els\u0151sorban Te \u00e9rted \u00e9s a csal\u00e1dod eg\u00e9szs\u00e9ge miatt fontos &#8211; m\u00e1sodsorban a F\u00f6ld j\u00f6v\u0151je miatt!  <\/p><p>\u00c9s ha Te \u00e9s a Csal\u00e1dod eg\u00e9szs\u00e9ges, akkor egy boldogabb \u00e9s kiegyens\u00falyozottabb \u00e9letet \u00e9lhetsz. <\/p><p>Ne feledd teh\u00e1t: minden apr\u00f3 l\u00e9p\u00e9s sz\u00e1m\u00edt!<\/p><h3 class=\"wp-block-heading\">Nincs vesz\u00edtenival\u00f3d.<\/h3><p>A p\u00e9nzvisszafizet\u00e9si garanci\u00e1nk mag\u00e1\u00e9rt besz\u00e9l: itt olvashatod b\u0151vebben: <a href=\"https:\/\/www.ecolife.bio\/hu\/penzvisszafizetesi-garancia\/\">https:\/\/www.ecolife.bio\/hu\/penzvisszafizetesi-garancia\/<\/a>.<\/p><p>Mi b\u00fcszk\u00e9n v\u00e1llaljuk, mert pontosan tudjuk, mit hoztunk l\u00e9tre:<br>egy <strong>100%-ban term\u00e9szetes, k\u00f6rnyezetbar\u00e1t, tiszta tiszt\u00edt\u00f3szer-csal\u00e1dot<\/strong>, amely m\u0171k\u00f6dik.<\/p><p><strong>Ha b\u00e1rmilyen okb\u00f3l nem vagy el\u00e9gedett, k\u00fcldd vissza, \u00e9s mi k\u00e9rd\u00e9s n\u00e9lk\u00fcl visszat\u00e9r\u00edtj\u00fck az \u00e1r\u00e1t.<\/strong><br>Pr\u00f3b\u00e1ld ki b\u00e1tran \u2013 a kock\u00e1zat a mi\u00e9nk, a tisztas\u00e1g \u00e9lm\u00e9nye pedig a ti\u00e9d!<\/p><h2 class=\"wp-block-heading\" id=\"nem-tartalmaznak-eszterquatot-1-4-dioxant-lauril-szulfatot-allergen-illatanyagokat-mit-okozhatnak-ezek-az-anyagok\"><strong><span style=\"background-color:rgba(0, 0, 0, 0);color:#76d098\" class=\"has-inline-color\"><strong><mark style=\"background-color:rgba(0, 0, 0, 0);color:#76d098\" class=\"has-inline-color\">Fedezd fel a term\u00e9szetes tiszt\u00edt\u00f3szerek vil\u00e1g\u00e1t az ECOlife weboldal\u00e1n, \u00e9s tedd a kar\u00e1csonyt is igaz\u00e1n z\u00f6ldd\u00e9! <\/mark><\/strong><\/span><\/strong><br><\/h2><div class=\"checkmarkLIdark halfcenter\"><p style=\"text-decoration: underline;font-size:120%;\"><strong>L\u00e9p\u00e9sek a hullad\u00e9kmentes \u00e9s eg\u00e9szs\u00e9ges h\u00e1ztart\u00e1s fel\u00e9:<\/strong><\/p>\n<ul style=\"\">\n<li><strong>KIPR\u00d3B\u00c1LJA <\/strong>az 1 literes kiszerel\u00e9s\u0171 term\u00e9keinket, ill. pr\u00f3bacsomagunkat<\/li>\n<li>Ha elnyerte tetsz\u00e9s\u00e9t, megrendeli az <strong>ut\u00e1nt\u00f6lt\u0151 kiszerel\u00e9seket<\/strong><\/li>\n<li>Kivissz\u00fck \u00d6NNEK a teli flakont \u00e9s a <strong>ki\u00fcr\u00fcltet pedig elhozzuk, majd \u00fajrat\u00f6ltetj\u00fck<\/strong><\/li>\n<\/ul>\n<\/div><p><\/p>","protected":false},"excerpt":{"rendered":"<p>Mi sem voltunk mindig \u00f6kotudatosak &#8211; de v\u00e1lasztottunk &#8211; \u00e9s sok minden megv\u00e1ltozott az \u00e9let\u00fcnkben, pozit\u00edv ir\u00e1nyban! Az \u00f6kotudatos \u00e9letm\u00f3d egyre nagyobb figyelmet kap, \u00e9s nem v\u00e9letlen\u00fcl. Az \u00e9letvitel\u00fcnk k\u00f6rnyezetbar\u00e1tabb\u00e1 t\u00e9tele nem csup\u00e1n a bolyg\u00f3nak kedvez, hanem a saj\u00e1t EG\u00c9SZS\u00c9G\u00dcNKRE \u00e9s P\u00c9NZT\u00c1RC\u00c1NKRA is nagyon pozit\u00edv hat\u00e1ssal lehet, ha odafigyel\u00fcnk! N\u00e9zz\u00fck meg k\u00f6zelebbr\u0151l, milyen el\u0151ny\u00f6ket rejt [&#8230;]\n","protected":false},"author":5,"featured_media":3087,"comment_status":"closed","ping_status":"closed","sticky":false,"template":"","format":"standard","meta":{"footnotes":""},"categories":[16],"tags":[],"class_list":["post-3084","post","type-post","status-publish","format-standard","has-post-thumbnail","hentry","category-blog"],"yoast_head":"<!-- This site is optimized with the Yoast SEO plugin v26.8 - https:\/\/yoast.com\/product\/yoast-seo-wordpress\/ -->\n<title>- EcoLIFE<\/title>\n<meta name=\"robots\" content=\"index, follow, max-snippet:-1, max-image-preview:large, max-video-preview:-1\" \/>\n<link rel=\"canonical\" href=\"https:\/\/www.ecolife.bio\/blog\/vyhody-ekologickeho-zivotneho-stylu-preco-sa-oplati-zmenit-svoj-zivot\/\" \/>\n<meta property=\"og:locale\" content=\"hu_HU\" \/>\n<meta property=\"og:type\" content=\"article\" \/>\n<meta property=\"og:title\" content=\"- EcoLIFE\" \/>\n<meta property=\"og:description\" content=\"Mi sem voltunk mindig \u00f6kotudatosak &#8211; de v\u00e1lasztottunk &#8211; \u00e9s sok minden megv\u00e1ltozott az \u00e9let\u00fcnkben, pozit\u00edv ir\u00e1nyban! Az \u00f6kotudatos \u00e9letm\u00f3d egyre nagyobb figyelmet kap, \u00e9s nem v\u00e9letlen\u00fcl. Az \u00e9letvitel\u00fcnk k\u00f6rnyezetbar\u00e1tabb\u00e1 t\u00e9tele nem csup\u00e1n a bolyg\u00f3nak kedvez, hanem a saj\u00e1t EG\u00c9SZS\u00c9G\u00dcNKRE \u00e9s P\u00c9NZT\u00c1RC\u00c1NKRA is nagyon pozit\u00edv hat\u00e1ssal lehet, ha odafigyel\u00fcnk! N\u00e9zz\u00fck meg k\u00f6zelebbr\u0151l, milyen el\u0151ny\u00f6ket rejt [...]\" \/>\n<meta property=\"og:url\" content=\"https:\/\/www.ecolife.bio\/blog\/vyhody-ekologickeho-zivotneho-stylu-preco-sa-oplati-zmenit-svoj-zivot\/\" \/>\n<meta property=\"og:site_name\" content=\"EcoLIFE\" \/>\n<meta property=\"article:published_time\" content=\"2024-11-15T08:29:41+00:00\" \/>\n<meta property=\"article:modified_time\" content=\"2025-11-18T19:03:09+00:00\" \/>\n<meta property=\"og:image\" content=\"https:\/\/escbfekz6y3.exactdn.com\/wp-content\/uploads\/2024\/11\/blog1.jpg?strip=all&lossy=1&ssl=1\" \/>\n\t<meta property=\"og:image:width\" content=\"642\" \/>\n\t<meta property=\"og:image:height\" content=\"427\" \/>\n\t<meta property=\"og:image:type\" content=\"image\/jpeg\" \/>\n<meta name=\"author\" content=\"ECOlife\" \/>\n<meta name=\"twitter:card\" content=\"summary_large_image\" \/>\n<meta name=\"twitter:label1\" content=\"Szerz\u0151:\" \/>\n\t<meta name=\"twitter:data1\" content=\"ECOlife\" \/>\n\t<meta name=\"twitter:label2\" content=\"Becs\u00fclt olvas\u00e1si id\u0151\" \/>\n\t<meta name=\"twitter:data2\" content=\"8 perc\" \/>\n<script type=\"application\/ld+json\" class=\"yoast-schema-graph\">{\"@context\":\"https:\/\/schema.org\",\"@graph\":[{\"@type\":\"Article\",\"@id\":\"https:\/\/www.ecolife.bio\/blog\/vyhody-ekologickeho-zivotneho-stylu-preco-sa-oplati-zmenit-svoj-zivot\/#article\",\"isPartOf\":{\"@id\":\"https:\/\/www.ecolife.bio\/blog\/vyhody-ekologickeho-zivotneho-stylu-preco-sa-oplati-zmenit-svoj-zivot\/\"},\"author\":{\"name\":\"ECOlife\",\"@id\":\"https:\/\/www.ecolife.bio\/#\/schema\/person\/be2af9bdce1ebb16fad93486edabfec6\"},\"headline\":\"Nincs c\u00edm\",\"datePublished\":\"2024-11-15T08:29:41+00:00\",\"dateModified\":\"2025-11-18T19:03:09+00:00\",\"mainEntityOfPage\":{\"@id\":\"https:\/\/www.ecolife.bio\/blog\/vyhody-ekologickeho-zivotneho-stylu-preco-sa-oplati-zmenit-svoj-zivot\/\"},\"wordCount\":1577,\"publisher\":{\"@id\":\"https:\/\/www.ecolife.bio\/#organization\"},\"image\":{\"@id\":\"https:\/\/www.ecolife.bio\/blog\/vyhody-ekologickeho-zivotneho-stylu-preco-sa-oplati-zmenit-svoj-zivot\/#primaryimage\"},\"thumbnailUrl\":\"https:\/\/escbfekz6y3.exactdn.com\/wp-content\/uploads\/2024\/11\/blog1.jpg?strip=all\",\"articleSection\":[\"Blog (HU)\"],\"inLanguage\":\"hu\"},{\"@type\":\"WebPage\",\"@id\":\"https:\/\/www.ecolife.bio\/blog\/vyhody-ekologickeho-zivotneho-stylu-preco-sa-oplati-zmenit-svoj-zivot\/\",\"url\":\"https:\/\/www.ecolife.bio\/blog\/vyhody-ekologickeho-zivotneho-stylu-preco-sa-oplati-zmenit-svoj-zivot\/\",\"name\":\"- EcoLIFE\",\"isPartOf\":{\"@id\":\"https:\/\/www.ecolife.bio\/#website\"},\"primaryImageOfPage\":{\"@id\":\"https:\/\/www.ecolife.bio\/blog\/vyhody-ekologickeho-zivotneho-stylu-preco-sa-oplati-zmenit-svoj-zivot\/#primaryimage\"},\"image\":{\"@id\":\"https:\/\/www.ecolife.bio\/blog\/vyhody-ekologickeho-zivotneho-stylu-preco-sa-oplati-zmenit-svoj-zivot\/#primaryimage\"},\"thumbnailUrl\":\"https:\/\/escbfekz6y3.exactdn.com\/wp-content\/uploads\/2024\/11\/blog1.jpg?strip=all\",\"datePublished\":\"2024-11-15T08:29:41+00:00\",\"dateModified\":\"2025-11-18T19:03:09+00:00\",\"inLanguage\":\"hu\",\"potentialAction\":[{\"@type\":\"ReadAction\",\"target\":[\"https:\/\/www.ecolife.bio\/blog\/vyhody-ekologickeho-zivotneho-stylu-preco-sa-oplati-zmenit-svoj-zivot\/\"]}]},{\"@type\":\"ImageObject\",\"inLanguage\":\"hu\",\"@id\":\"https:\/\/www.ecolife.bio\/blog\/vyhody-ekologickeho-zivotneho-stylu-preco-sa-oplati-zmenit-svoj-zivot\/#primaryimage\",\"url\":\"https:\/\/escbfekz6y3.exactdn.com\/wp-content\/uploads\/2024\/11\/blog1.jpg?strip=all\",\"contentUrl\":\"https:\/\/escbfekz6y3.exactdn.com\/wp-content\/uploads\/2024\/11\/blog1.jpg?strip=all\",\"width\":642,\"height\":427},{\"@type\":\"WebSite\",\"@id\":\"https:\/\/www.ecolife.bio\/#website\",\"url\":\"https:\/\/www.ecolife.bio\/\",\"name\":\"EcoLIFE\",\"description\":\"For an Eco-Friendly Planet\",\"publisher\":{\"@id\":\"https:\/\/www.ecolife.bio\/#organization\"},\"potentialAction\":[{\"@type\":\"SearchAction\",\"target\":{\"@type\":\"EntryPoint\",\"urlTemplate\":\"https:\/\/www.ecolife.bio\/?s={search_term_string}\"},\"query-input\":{\"@type\":\"PropertyValueSpecification\",\"valueRequired\":true,\"valueName\":\"search_term_string\"}}],\"inLanguage\":\"hu\"},{\"@type\":\"Organization\",\"@id\":\"https:\/\/www.ecolife.bio\/#organization\",\"name\":\"ECOlife.bio\",\"url\":\"https:\/\/www.ecolife.bio\/\",\"logo\":{\"@type\":\"ImageObject\",\"inLanguage\":\"hu\",\"@id\":\"https:\/\/www.ecolife.bio\/#\/schema\/logo\/image\/\",\"url\":\"https:\/\/escbfekz6y3.exactdn.com\/wp-content\/uploads\/2022\/03\/ecolife_logo_final.png?strip=all\",\"contentUrl\":\"https:\/\/escbfekz6y3.exactdn.com\/wp-content\/uploads\/2022\/03\/ecolife_logo_final.png?strip=all\",\"width\":500,\"height\":500,\"caption\":\"ECOlife.bio\"},\"image\":{\"@id\":\"https:\/\/www.ecolife.bio\/#\/schema\/logo\/image\/\"}},{\"@type\":\"Person\",\"@id\":\"https:\/\/www.ecolife.bio\/#\/schema\/person\/be2af9bdce1ebb16fad93486edabfec6\",\"name\":\"ECOlife\",\"image\":{\"@type\":\"ImageObject\",\"inLanguage\":\"hu\",\"@id\":\"https:\/\/www.ecolife.bio\/#\/schema\/person\/image\/\",\"url\":\"https:\/\/secure.gravatar.com\/avatar\/ff779646d61a87e0e97153fd66cbe1ef?s=96&d=mm&r=g\",\"contentUrl\":\"https:\/\/secure.gravatar.com\/avatar\/ff779646d61a87e0e97153fd66cbe1ef?s=96&d=mm&r=g\",\"caption\":\"ECOlife\"},\"url\":\"https:\/\/www.ecolife.bio\/hu\/blog\/author\/ecolife\/\"}]}<\/script>\n<!-- \/ Yoast SEO plugin. -->","yoast_head_json":{"title":"- EcoLIFE","robots":{"index":"index","follow":"follow","max-snippet":"max-snippet:-1","max-image-preview":"max-image-preview:large","max-video-preview":"max-video-preview:-1"},"canonical":"https:\/\/www.ecolife.bio\/blog\/vyhody-ekologickeho-zivotneho-stylu-preco-sa-oplati-zmenit-svoj-zivot\/","og_locale":"hu_HU","og_type":"article","og_title":"- EcoLIFE","og_description":"Mi sem voltunk mindig \u00f6kotudatosak &#8211; de v\u00e1lasztottunk &#8211; \u00e9s sok minden megv\u00e1ltozott az \u00e9let\u00fcnkben, pozit\u00edv ir\u00e1nyban! Az \u00f6kotudatos \u00e9letm\u00f3d egyre nagyobb figyelmet kap, \u00e9s nem v\u00e9letlen\u00fcl. Az \u00e9letvitel\u00fcnk k\u00f6rnyezetbar\u00e1tabb\u00e1 t\u00e9tele nem csup\u00e1n a bolyg\u00f3nak kedvez, hanem a saj\u00e1t EG\u00c9SZS\u00c9G\u00dcNKRE \u00e9s P\u00c9NZT\u00c1RC\u00c1NKRA is nagyon pozit\u00edv hat\u00e1ssal lehet, ha odafigyel\u00fcnk! N\u00e9zz\u00fck meg k\u00f6zelebbr\u0151l, milyen el\u0151ny\u00f6ket rejt [...]","og_url":"https:\/\/www.ecolife.bio\/blog\/vyhody-ekologickeho-zivotneho-stylu-preco-sa-oplati-zmenit-svoj-zivot\/","og_site_name":"EcoLIFE","article_published_time":"2024-11-15T08:29:41+00:00","article_modified_time":"2025-11-18T19:03:09+00:00","og_image":[{"width":642,"height":427,"url":"https:\/\/escbfekz6y3.exactdn.com\/wp-content\/uploads\/2024\/11\/blog1.jpg?strip=all&lossy=1&ssl=1","type":"image\/jpeg"}],"author":"ECOlife","twitter_card":"summary_large_image","twitter_misc":{"Szerz\u0151:":"ECOlife","Becs\u00fclt olvas\u00e1si id\u0151":"8 perc"},"schema":{"@context":"https:\/\/schema.org","@graph":[{"@type":"Article","@id":"https:\/\/www.ecolife.bio\/blog\/vyhody-ekologickeho-zivotneho-stylu-preco-sa-oplati-zmenit-svoj-zivot\/#article","isPartOf":{"@id":"https:\/\/www.ecolife.bio\/blog\/vyhody-ekologickeho-zivotneho-stylu-preco-sa-oplati-zmenit-svoj-zivot\/"},"author":{"name":"ECOlife","@id":"https:\/\/www.ecolife.bio\/#\/schema\/person\/be2af9bdce1ebb16fad93486edabfec6"},"headline":"Nincs c\u00edm","datePublished":"2024-11-15T08:29:41+00:00","dateModified":"2025-11-18T19:03:09+00:00","mainEntityOfPage":{"@id":"https:\/\/www.ecolife.bio\/blog\/vyhody-ekologickeho-zivotneho-stylu-preco-sa-oplati-zmenit-svoj-zivot\/"},"wordCount":1577,"publisher":{"@id":"https:\/\/www.ecolife.bio\/#organization"},"image":{"@id":"https:\/\/www.ecolife.bio\/blog\/vyhody-ekologickeho-zivotneho-stylu-preco-sa-oplati-zmenit-svoj-zivot\/#primaryimage"},"thumbnailUrl":"https:\/\/escbfekz6y3.exactdn.com\/wp-content\/uploads\/2024\/11\/blog1.jpg?strip=all","articleSection":["Blog (HU)"],"inLanguage":"hu"},{"@type":"WebPage","@id":"https:\/\/www.ecolife.bio\/blog\/vyhody-ekologickeho-zivotneho-stylu-preco-sa-oplati-zmenit-svoj-zivot\/","url":"https:\/\/www.ecolife.bio\/blog\/vyhody-ekologickeho-zivotneho-stylu-preco-sa-oplati-zmenit-svoj-zivot\/","name":"- EcoLIFE","isPartOf":{"@id":"https:\/\/www.ecolife.bio\/#website"},"primaryImageOfPage":{"@id":"https:\/\/www.ecolife.bio\/blog\/vyhody-ekologickeho-zivotneho-stylu-preco-sa-oplati-zmenit-svoj-zivot\/#primaryimage"},"image":{"@id":"https:\/\/www.ecolife.bio\/blog\/vyhody-ekologickeho-zivotneho-stylu-preco-sa-oplati-zmenit-svoj-zivot\/#primaryimage"},"thumbnailUrl":"https:\/\/escbfekz6y3.exactdn.com\/wp-content\/uploads\/2024\/11\/blog1.jpg?strip=all","datePublished":"2024-11-15T08:29:41+00:00","dateModified":"2025-11-18T19:03:09+00:00","inLanguage":"hu","potentialAction":[{"@type":"ReadAction","target":["https:\/\/www.ecolife.bio\/blog\/vyhody-ekologickeho-zivotneho-stylu-preco-sa-oplati-zmenit-svoj-zivot\/"]}]},{"@type":"ImageObject","inLanguage":"hu","@id":"https:\/\/www.ecolife.bio\/blog\/vyhody-ekologickeho-zivotneho-stylu-preco-sa-oplati-zmenit-svoj-zivot\/#primaryimage","url":"https:\/\/escbfekz6y3.exactdn.com\/wp-content\/uploads\/2024\/11\/blog1.jpg?strip=all","contentUrl":"https:\/\/escbfekz6y3.exactdn.com\/wp-content\/uploads\/2024\/11\/blog1.jpg?strip=all","width":642,"height":427},{"@type":"WebSite","@id":"https:\/\/www.ecolife.bio\/#website","url":"https:\/\/www.ecolife.bio\/","name":"EcoLIFE","description":"For an Eco-Friendly Planet","publisher":{"@id":"https:\/\/www.ecolife.bio\/#organization"},"potentialAction":[{"@type":"SearchAction","target":{"@type":"EntryPoint","urlTemplate":"https:\/\/www.ecolife.bio\/?s={search_term_string}"},"query-input":{"@type":"PropertyValueSpecification","valueRequired":true,"valueName":"search_term_string"}}],"inLanguage":"hu"},{"@type":"Organization","@id":"https:\/\/www.ecolife.bio\/#organization","name":"ECOlife.bio","url":"https:\/\/www.ecolife.bio\/","logo":{"@type":"ImageObject","inLanguage":"hu","@id":"https:\/\/www.ecolife.bio\/#\/schema\/logo\/image\/","url":"https:\/\/escbfekz6y3.exactdn.com\/wp-content\/uploads\/2022\/03\/ecolife_logo_final.png?strip=all","contentUrl":"https:\/\/escbfekz6y3.exactdn.com\/wp-content\/uploads\/2022\/03\/ecolife_logo_final.png?strip=all","width":500,"height":500,"caption":"ECOlife.bio"},"image":{"@id":"https:\/\/www.ecolife.bio\/#\/schema\/logo\/image\/"}},{"@type":"Person","@id":"https:\/\/www.ecolife.bio\/#\/schema\/person\/be2af9bdce1ebb16fad93486edabfec6","name":"ECOlife","image":{"@type":"ImageObject","inLanguage":"hu","@id":"https:\/\/www.ecolife.bio\/#\/schema\/person\/image\/","url":"https:\/\/secure.gravatar.com\/avatar\/ff779646d61a87e0e97153fd66cbe1ef?s=96&d=mm&r=g","contentUrl":"https:\/\/secure.gravatar.com\/avatar\/ff779646d61a87e0e97153fd66cbe1ef?s=96&d=mm&r=g","caption":"ECOlife"},"url":"https:\/\/www.ecolife.bio\/hu\/blog\/author\/ecolife\/"}]}},"_links":{"self":[{"href":"https:\/\/www.ecolife.bio\/hu\/wp-json\/wp\/v2\/posts\/3084","targetHints":{"allow":["GET"]}}],"collection":[{"href":"https:\/\/www.ecolife.bio\/hu\/wp-json\/wp\/v2\/posts"}],"about":[{"href":"https:\/\/www.ecolife.bio\/hu\/wp-json\/wp\/v2\/types\/post"}],"author":[{"embeddable":true,"href":"https:\/\/www.ecolife.bio\/hu\/wp-json\/wp\/v2\/users\/5"}],"replies":[{"embeddable":true,"href":"https:\/\/www.ecolife.bio\/hu\/wp-json\/wp\/v2\/comments?post=3084"}],"version-history":[{"count":5,"href":"https:\/\/www.ecolife.bio\/hu\/wp-json\/wp\/v2\/posts\/3084\/revisions"}],"predecessor-version":[{"id":6038,"href":"https:\/\/www.ecolife.bio\/hu\/wp-json\/wp\/v2\/posts\/3084\/revisions\/6038"}],"wp:featuredmedia":[{"embeddable":true,"href":"https:\/\/www.ecolife.bio\/hu\/wp-json\/wp\/v2\/media\/3087"}],"wp:attachment":[{"href":"https:\/\/www.ecolife.bio\/hu\/wp-json\/wp\/v2\/media?parent=3084"}],"wp:term":[{"taxonomy":"category","embeddable":true,"href":"https:\/\/www.ecolife.bio\/hu\/wp-json\/wp\/v2\/categories?post=3084"},{"taxonomy":"post_tag","embeddable":true,"href":"https:\/\/www.ecolife.bio\/hu\/wp-json\/wp\/v2\/tags?post=3084"}],"curies":[{"name":"wp","href":"https:\/\/api.w.org\/{rel}","templated":true}]}}