{"id":5056,"date":"2025-08-15T00:20:00","date_gmt":"2025-08-14T22:20:00","guid":{"rendered":"https:\/\/www.ecolife.bio\/?p=5056"},"modified":"2025-08-11T21:35:34","modified_gmt":"2025-08-11T19:35:34","slug":"dolce-vita-itthon-hogyan-viheted-haza-a-toszkana-eleterzest-az-ecolife-szemlelettel","status":"publish","type":"post","link":"https:\/\/www.ecolife.bio\/hu\/blog\/dolce-vita-itthon-hogyan-viheted-haza-a-toszkana-eleterzest-az-ecolife-szemlelettel\/","title":{"rendered":"Dolce Vita itthon \u2013 hogyan viheted haza a Toszk\u00e1na \u00e9let\u00e9rz\u00e9st az ECOlife szeml\u00e9lettel \ud83c\udf3f\ud83c\udf77"},"content":{"rendered":"<h3><strong>Dolce Vita \u2013 amikor az \u00e9let \u00edze minden pillanatban ott van<\/strong><\/h3>\n<p>Van valami var\u00e1zslatos abban, ahogyan az olaszok \u00e9lnek. Nem sietnek, nem rohannak \u2013 ink\u00e1bb megadj\u00e1k a m\u00f3dj\u00e1t minden egyes falatnak, kortynak, pillanatnak.<br \/>Az elm\u00falt napokban mi is \u00fajra Toszk\u00e1n\u00e1ban j\u00e1rtunk \u2013 egy helyen, ami a sz\u00edv\u00fcnk m\u00e1sodik otthona. A dombok, a napf\u00e9ny, a reggeli piacok illata \u00e9s az esti tengerparti s\u00e9t\u00e1k\u2026 mind azt tan\u00edtj\u00e1k:\u00a0<strong>az \u00e9let egyszer\u0171, ha \u00e9rt\u00e9keled a term\u00e9szetet \u00e9s az apr\u00f3 \u00f6r\u00f6m\u00f6ket<\/strong>.<br \/><br \/><\/p>\n<h3><strong>Term\u00e9szetk\u00f6zelis\u00e9g \u2013 az ECOlife alapja<\/strong><\/h3>\n<p>A toszk\u00e1n h\u00e9tk\u00f6znapokban minden a term\u00e9szet tisztelet\u00e9r\u0151l sz\u00f3l. Az emberek helyi termel\u0151kt\u0151l v\u00e1s\u00e1rolnak, t\u00e1mogatj\u00e1k egym\u00e1st, \u00e9s \u00e9rt\u00e9kelik a friss, tiszta alapanyagokat.<br \/>Ez az, amit mi is k\u00f6vet\u00fcnk az ECOlife-n\u00e1l:\u00a0<strong>tisztas\u00e1g vegyszerek n\u00e9lk\u00fcl, a csal\u00e1d \u00e9s a bolyg\u00f3 biztons\u00e1g\u00e1\u00e9rt<\/strong>.<\/p>\n<p>\ud83d\udca1\u00a0<strong>Tudd meg, hogyan var\u00e1zsolhatsz term\u00e9szetes tisztas\u00e1got az otthonodba \u2192\u00a0<\/strong><a href=\"https:\/\/www.ecolife.bio\/hu\/kat\/termekek\/\"><strong>ECOlife term\u00e9kek<\/strong><\/a><br \/><br \/><\/p>\n<h3><strong>A mi saj\u00e1t Toszk\u00e1n\u00e1nk<\/strong><\/h3>\n<p>Gyerekkorunkban term\u00e9szetes volt, hogy a kert tele van z\u00f6lds\u00e9ggel \u00e9s gy\u00fcm\u00f6lccsel. Most, feln\u0151ttk\u00e9nt, tudatosan folytatjuk ezt \u2013 de egy kicsit m\u00e1s szeml\u00e9lettel. Nemcsak az eg\u00e9szs\u00e9g\u00fcnk\u00e9rt, hanem a fenntarthat\u00f3s\u00e1g\u00e9rt is.<br \/>Mert az, amit megeszel, \u00e9s az, amivel takar\u00edtasz, ugyanabb\u00f3l a f\u00f6ldb\u0151l sz\u00e1rmazik.<br \/><br \/><\/p>\n<h3><strong>Dolce Farniente \u2013 az \u00e9des semmittev\u00e9s m\u0171v\u00e9szete<\/strong><\/h3>\n<p>Olaszorsz\u00e1gban a pihen\u00e9s nem luxus, hanem alapvet\u0151 sz\u00fcks\u00e9glet. A d\u00e9lut\u00e1ni szieszta, a hossz\u00fa, nyugodt eb\u00e9dek, a szomsz\u00e9dokkal folytatott esti besz\u00e9lget\u00e9sek \u2013 ezek mind az \u00e9let r\u00e9szei.<br \/>\u00c9s tudod mit? Ez nem p\u00e9nz k\u00e9rd\u00e9se.\u00a0<strong>Az \u00e9let \u00e9lvezet\u00e9hez nem kell t\u00f6bb, csak jelen lenni.<br \/><br \/><\/strong><\/p>\n<h3><strong>Mit tanulhatunk ebb\u0151l?<\/strong><\/h3>\n<ul>\n<li>V\u00e1s\u00e1roljunk helyi termel\u0151kt\u0151l \ud83c\udf3d<\/li>\n<li>T\u00f6lts\u00fcnk id\u0151t a csal\u00e1dunkkal \u00e9s a bar\u00e1tainkkal \ud83c\udf77<\/li>\n<li>V\u00e1lasszunk term\u00e9szetes, k\u00f6rnyezetbar\u00e1t megold\u00e1sokat \ud83c\udf3f<\/li>\n<li>Adjunk id\u0151t a pihen\u00e9snek \u00e9s a felt\u00f6lt\u0151d\u00e9snek \ud83c\udf1e<\/li>\n<\/ul>\n<h3>AJ\u00c1ND\u00c9K recept:<\/h3>\n<h2><strong>Toszk\u00e1n t\u00f6kvir\u00e1gos pir\u00edt\u00f3s<\/strong>\u00a0\ud83c\udf3c\ud83e\udd56\ud83d\udc9a<\/h2>\n<p>1\ufe0f\u20e3 Pir\u00edts meg egy szelet friss, ropog\u00f3s kenyeret.<br \/>2\ufe0f\u20e3 Az egyik fel\u00e9t m\u00e1rtsd bele\u00a0<strong>illatos, friss extrasz\u0171z ol\u00edvaolajba<\/strong>.<br \/>3\ufe0f\u20e3 Fogj egy gerezd fokhagym\u00e1t, \u00e9s d\u00f6rzs\u00f6ld \u00e1t vele a pir\u00edt\u00f3s tetej\u00e9t, hogy \u00e1tvegye az arom\u00e1j\u00e1t.<br \/>4\ufe0f\u20e3 Sz\u00f3rd meg egy csipet tengeri s\u00f3val.<br \/>5\ufe0f\u20e3 S\u00e9t\u00e1lj ki a kertbe, \u00e9s keresd meg a t\u00f6k\u00f6t, amit tavasszal elvetett\u00e9l \u2013 szedd le a m\u00e9g ki nem ny\u00edlt\u00a0<strong>t\u00f6kvir\u00e1got<\/strong>.<br \/>6\ufe0f\u20e3 Mosd \u00e1t \u00f3vatosan, majd finoman nyisd sz\u00e9t, \u00e9s ter\u00edtsd r\u00e1 a keny\u00e9rre.<br \/>7\ufe0f\u20e3 A vir\u00e1g k\u00f6zep\u00e9re tegy\u00e9l egy ev\u0151kan\u00e1l\u00a0<strong>kr\u00e9mes, l\u00e1gy sajtot<\/strong>\u00a0(ricotta, mascarpone vagy friss kecskesajt is t\u00f6k\u00e9letes).<br \/>8\ufe0f\u20e3 D\u00edsz\u00edtsd\u00a0<strong>apr\u00f3 bazsalikomlev\u00e9llel<\/strong>\u00a0\u2013 \u00e9s m\u00e1r \u00e9lvezheted is a ny\u00e1r \u00e9s Toszk\u00e1na \u00edzeit.<\/p>\n<p>\ud83d\udca1\u00a0<strong>Tipp:<\/strong>\u00a0Hideg feh\u00e9rbor vagy friss\u00edt\u0151 limon\u00e1d\u00e9 mell\u00e9 isteni el\u0151\u00e9tel!<\/p>\n<p>\ud83d\udca1\u00a0<strong>Kezdd el teh\u00e1t m\u00e9g ma a saj\u00e1t \u201eDolce Vita\u201d utadat \u2192\u00a0<\/strong><strong>V\u00e1laszd az ECOlife-ot<\/strong><\/p>","protected":false},"excerpt":{"rendered":"","protected":false},"author":5,"featured_media":5060,"comment_status":"closed","ping_status":"closed","sticky":false,"template":"","format":"standard","meta":{"footnotes":""},"categories":[16],"tags":[],"class_list":["post-5056","post","type-post","status-publish","format-standard","has-post-thumbnail","hentry","category-blog"],"yoast_head":"<!-- This site is optimized with the Yoast SEO plugin v26.8 - https:\/\/yoast.com\/product\/yoast-seo-wordpress\/ -->\n<title>Dolce Vita itthon \u2013 hogyan viheted haza a Toszk\u00e1na \u00e9let\u00e9rz\u00e9st az ECOlife szeml\u00e9lettel \ud83c\udf3f\ud83c\udf77 - EcoLIFE<\/title>\n<meta name=\"robots\" content=\"index, follow, max-snippet:-1, max-image-preview:large, max-video-preview:-1\" \/>\n<link rel=\"canonical\" href=\"https:\/\/www.ecolife.bio\/hu\/blog\/dolce-vita-itthon-hogyan-viheted-haza-a-toszkana-eleterzest-az-ecolife-szemlelettel\/\" \/>\n<meta property=\"og:locale\" content=\"hu_HU\" \/>\n<meta property=\"og:type\" content=\"article\" \/>\n<meta property=\"og:title\" content=\"Dolce Vita itthon \u2013 hogyan viheted haza a Toszk\u00e1na \u00e9let\u00e9rz\u00e9st az ECOlife szeml\u00e9lettel \ud83c\udf3f\ud83c\udf77 - EcoLIFE\" \/>\n<meta property=\"og:url\" content=\"https:\/\/www.ecolife.bio\/hu\/blog\/dolce-vita-itthon-hogyan-viheted-haza-a-toszkana-eleterzest-az-ecolife-szemlelettel\/\" \/>\n<meta property=\"og:site_name\" content=\"EcoLIFE\" \/>\n<meta property=\"article:published_time\" content=\"2025-08-14T22:20:00+00:00\" \/>\n<meta property=\"og:image\" content=\"https:\/\/escbfekz6y3.exactdn.com\/wp-content\/uploads\/2025\/08\/AUG-15.-BLOG-es-HIRLEVEL.png?strip=all&lossy=1&ssl=1\" \/>\n\t<meta property=\"og:image:width\" content=\"1024\" \/>\n\t<meta property=\"og:image:height\" content=\"1024\" \/>\n\t<meta property=\"og:image:type\" content=\"image\/png\" \/>\n<meta name=\"author\" content=\"ECOlife\" \/>\n<meta name=\"twitter:card\" content=\"summary_large_image\" \/>\n<meta name=\"twitter:label1\" content=\"Szerz\u0151:\" \/>\n\t<meta name=\"twitter:data1\" content=\"ECOlife\" \/>\n\t<meta name=\"twitter:label2\" content=\"Becs\u00fclt olvas\u00e1si id\u0151\" \/>\n\t<meta name=\"twitter:data2\" content=\"3 perc\" \/>\n<script type=\"application\/ld+json\" class=\"yoast-schema-graph\">{\"@context\":\"https:\/\/schema.org\",\"@graph\":[{\"@type\":\"Article\",\"@id\":\"https:\/\/www.ecolife.bio\/hu\/blog\/dolce-vita-itthon-hogyan-viheted-haza-a-toszkana-eleterzest-az-ecolife-szemlelettel\/#article\",\"isPartOf\":{\"@id\":\"https:\/\/www.ecolife.bio\/hu\/blog\/dolce-vita-itthon-hogyan-viheted-haza-a-toszkana-eleterzest-az-ecolife-szemlelettel\/\"},\"author\":{\"name\":\"ECOlife\",\"@id\":\"https:\/\/www.ecolife.bio\/#\/schema\/person\/be2af9bdce1ebb16fad93486edabfec6\"},\"headline\":\"Dolce Vita itthon \u2013 hogyan viheted haza a Toszk\u00e1na \u00e9let\u00e9rz\u00e9st az ECOlife szeml\u00e9lettel \ud83c\udf3f\ud83c\udf77\",\"datePublished\":\"2025-08-14T22:20:00+00:00\",\"mainEntityOfPage\":{\"@id\":\"https:\/\/www.ecolife.bio\/hu\/blog\/dolce-vita-itthon-hogyan-viheted-haza-a-toszkana-eleterzest-az-ecolife-szemlelettel\/\"},\"wordCount\":554,\"publisher\":{\"@id\":\"https:\/\/www.ecolife.bio\/#organization\"},\"image\":{\"@id\":\"https:\/\/www.ecolife.bio\/hu\/blog\/dolce-vita-itthon-hogyan-viheted-haza-a-toszkana-eleterzest-az-ecolife-szemlelettel\/#primaryimage\"},\"thumbnailUrl\":\"https:\/\/escbfekz6y3.exactdn.com\/wp-content\/uploads\/2025\/08\/AUG-15.-BLOG-es-HIRLEVEL.png?strip=all\",\"articleSection\":[\"Blog (HU)\"],\"inLanguage\":\"hu\"},{\"@type\":\"WebPage\",\"@id\":\"https:\/\/www.ecolife.bio\/hu\/blog\/dolce-vita-itthon-hogyan-viheted-haza-a-toszkana-eleterzest-az-ecolife-szemlelettel\/\",\"url\":\"https:\/\/www.ecolife.bio\/hu\/blog\/dolce-vita-itthon-hogyan-viheted-haza-a-toszkana-eleterzest-az-ecolife-szemlelettel\/\",\"name\":\"Dolce Vita itthon \u2013 hogyan viheted haza a Toszk\u00e1na \u00e9let\u00e9rz\u00e9st az ECOlife szeml\u00e9lettel \ud83c\udf3f\ud83c\udf77 - EcoLIFE\",\"isPartOf\":{\"@id\":\"https:\/\/www.ecolife.bio\/#website\"},\"primaryImageOfPage\":{\"@id\":\"https:\/\/www.ecolife.bio\/hu\/blog\/dolce-vita-itthon-hogyan-viheted-haza-a-toszkana-eleterzest-az-ecolife-szemlelettel\/#primaryimage\"},\"image\":{\"@id\":\"https:\/\/www.ecolife.bio\/hu\/blog\/dolce-vita-itthon-hogyan-viheted-haza-a-toszkana-eleterzest-az-ecolife-szemlelettel\/#primaryimage\"},\"thumbnailUrl\":\"https:\/\/escbfekz6y3.exactdn.com\/wp-content\/uploads\/2025\/08\/AUG-15.-BLOG-es-HIRLEVEL.png?strip=all\",\"datePublished\":\"2025-08-14T22:20:00+00:00\",\"breadcrumb\":{\"@id\":\"https:\/\/www.ecolife.bio\/hu\/blog\/dolce-vita-itthon-hogyan-viheted-haza-a-toszkana-eleterzest-az-ecolife-szemlelettel\/#breadcrumb\"},\"inLanguage\":\"hu\",\"potentialAction\":[{\"@type\":\"ReadAction\",\"target\":[\"https:\/\/www.ecolife.bio\/hu\/blog\/dolce-vita-itthon-hogyan-viheted-haza-a-toszkana-eleterzest-az-ecolife-szemlelettel\/\"]}]},{\"@type\":\"ImageObject\",\"inLanguage\":\"hu\",\"@id\":\"https:\/\/www.ecolife.bio\/hu\/blog\/dolce-vita-itthon-hogyan-viheted-haza-a-toszkana-eleterzest-az-ecolife-szemlelettel\/#primaryimage\",\"url\":\"https:\/\/escbfekz6y3.exactdn.com\/wp-content\/uploads\/2025\/08\/AUG-15.-BLOG-es-HIRLEVEL.png?strip=all\",\"contentUrl\":\"https:\/\/escbfekz6y3.exactdn.com\/wp-content\/uploads\/2025\/08\/AUG-15.-BLOG-es-HIRLEVEL.png?strip=all\",\"width\":1024,\"height\":1024,\"caption\":\"La Dolce Vita\"},{\"@type\":\"BreadcrumbList\",\"@id\":\"https:\/\/www.ecolife.bio\/hu\/blog\/dolce-vita-itthon-hogyan-viheted-haza-a-toszkana-eleterzest-az-ecolife-szemlelettel\/#breadcrumb\",\"itemListElement\":[{\"@type\":\"ListItem\",\"position\":1,\"name\":\"Domovsk\u00e1 str\u00e1nka\",\"item\":\"https:\/\/www.ecolife.bio\/hu\/\"},{\"@type\":\"ListItem\",\"position\":2,\"name\":\"Dolce Vita itthon \u2013 hogyan viheted haza a Toszk\u00e1na \u00e9let\u00e9rz\u00e9st az ECOlife szeml\u00e9lettel \ud83c\udf3f\ud83c\udf77\"}]},{\"@type\":\"WebSite\",\"@id\":\"https:\/\/www.ecolife.bio\/#website\",\"url\":\"https:\/\/www.ecolife.bio\/\",\"name\":\"EcoLIFE\",\"description\":\"For an Eco-Friendly Planet\",\"publisher\":{\"@id\":\"https:\/\/www.ecolife.bio\/#organization\"},\"potentialAction\":[{\"@type\":\"SearchAction\",\"target\":{\"@type\":\"EntryPoint\",\"urlTemplate\":\"https:\/\/www.ecolife.bio\/?s={search_term_string}\"},\"query-input\":{\"@type\":\"PropertyValueSpecification\",\"valueRequired\":true,\"valueName\":\"search_term_string\"}}],\"inLanguage\":\"hu\"},{\"@type\":\"Organization\",\"@id\":\"https:\/\/www.ecolife.bio\/#organization\",\"name\":\"ECOlife.bio\",\"url\":\"https:\/\/www.ecolife.bio\/\",\"logo\":{\"@type\":\"ImageObject\",\"inLanguage\":\"hu\",\"@id\":\"https:\/\/www.ecolife.bio\/#\/schema\/logo\/image\/\",\"url\":\"https:\/\/escbfekz6y3.exactdn.com\/wp-content\/uploads\/2022\/03\/ecolife_logo_final.png?strip=all\",\"contentUrl\":\"https:\/\/escbfekz6y3.exactdn.com\/wp-content\/uploads\/2022\/03\/ecolife_logo_final.png?strip=all\",\"width\":500,\"height\":500,\"caption\":\"ECOlife.bio\"},\"image\":{\"@id\":\"https:\/\/www.ecolife.bio\/#\/schema\/logo\/image\/\"}},{\"@type\":\"Person\",\"@id\":\"https:\/\/www.ecolife.bio\/#\/schema\/person\/be2af9bdce1ebb16fad93486edabfec6\",\"name\":\"ECOlife\",\"image\":{\"@type\":\"ImageObject\",\"inLanguage\":\"hu\",\"@id\":\"https:\/\/www.ecolife.bio\/#\/schema\/person\/image\/\",\"url\":\"https:\/\/secure.gravatar.com\/avatar\/ff779646d61a87e0e97153fd66cbe1ef?s=96&d=mm&r=g\",\"contentUrl\":\"https:\/\/secure.gravatar.com\/avatar\/ff779646d61a87e0e97153fd66cbe1ef?s=96&d=mm&r=g\",\"caption\":\"ECOlife\"},\"url\":\"https:\/\/www.ecolife.bio\/hu\/blog\/author\/ecolife\/\"}]}<\/script>\n<!-- \/ Yoast SEO plugin. -->","yoast_head_json":{"title":"Dolce Vita itthon \u2013 hogyan viheted haza a Toszk\u00e1na \u00e9let\u00e9rz\u00e9st az ECOlife szeml\u00e9lettel \ud83c\udf3f\ud83c\udf77 - EcoLIFE","robots":{"index":"index","follow":"follow","max-snippet":"max-snippet:-1","max-image-preview":"max-image-preview:large","max-video-preview":"max-video-preview:-1"},"canonical":"https:\/\/www.ecolife.bio\/hu\/blog\/dolce-vita-itthon-hogyan-viheted-haza-a-toszkana-eleterzest-az-ecolife-szemlelettel\/","og_locale":"hu_HU","og_type":"article","og_title":"Dolce Vita itthon \u2013 hogyan viheted haza a Toszk\u00e1na \u00e9let\u00e9rz\u00e9st az ECOlife szeml\u00e9lettel \ud83c\udf3f\ud83c\udf77 - EcoLIFE","og_url":"https:\/\/www.ecolife.bio\/hu\/blog\/dolce-vita-itthon-hogyan-viheted-haza-a-toszkana-eleterzest-az-ecolife-szemlelettel\/","og_site_name":"EcoLIFE","article_published_time":"2025-08-14T22:20:00+00:00","og_image":[{"width":1024,"height":1024,"url":"https:\/\/escbfekz6y3.exactdn.com\/wp-content\/uploads\/2025\/08\/AUG-15.-BLOG-es-HIRLEVEL.png?strip=all&lossy=1&ssl=1","type":"image\/png"}],"author":"ECOlife","twitter_card":"summary_large_image","twitter_misc":{"Szerz\u0151:":"ECOlife","Becs\u00fclt olvas\u00e1si id\u0151":"3 perc"},"schema":{"@context":"https:\/\/schema.org","@graph":[{"@type":"Article","@id":"https:\/\/www.ecolife.bio\/hu\/blog\/dolce-vita-itthon-hogyan-viheted-haza-a-toszkana-eleterzest-az-ecolife-szemlelettel\/#article","isPartOf":{"@id":"https:\/\/www.ecolife.bio\/hu\/blog\/dolce-vita-itthon-hogyan-viheted-haza-a-toszkana-eleterzest-az-ecolife-szemlelettel\/"},"author":{"name":"ECOlife","@id":"https:\/\/www.ecolife.bio\/#\/schema\/person\/be2af9bdce1ebb16fad93486edabfec6"},"headline":"Dolce Vita itthon \u2013 hogyan viheted haza a Toszk\u00e1na \u00e9let\u00e9rz\u00e9st az ECOlife szeml\u00e9lettel \ud83c\udf3f\ud83c\udf77","datePublished":"2025-08-14T22:20:00+00:00","mainEntityOfPage":{"@id":"https:\/\/www.ecolife.bio\/hu\/blog\/dolce-vita-itthon-hogyan-viheted-haza-a-toszkana-eleterzest-az-ecolife-szemlelettel\/"},"wordCount":554,"publisher":{"@id":"https:\/\/www.ecolife.bio\/#organization"},"image":{"@id":"https:\/\/www.ecolife.bio\/hu\/blog\/dolce-vita-itthon-hogyan-viheted-haza-a-toszkana-eleterzest-az-ecolife-szemlelettel\/#primaryimage"},"thumbnailUrl":"https:\/\/escbfekz6y3.exactdn.com\/wp-content\/uploads\/2025\/08\/AUG-15.-BLOG-es-HIRLEVEL.png?strip=all","articleSection":["Blog (HU)"],"inLanguage":"hu"},{"@type":"WebPage","@id":"https:\/\/www.ecolife.bio\/hu\/blog\/dolce-vita-itthon-hogyan-viheted-haza-a-toszkana-eleterzest-az-ecolife-szemlelettel\/","url":"https:\/\/www.ecolife.bio\/hu\/blog\/dolce-vita-itthon-hogyan-viheted-haza-a-toszkana-eleterzest-az-ecolife-szemlelettel\/","name":"Dolce Vita itthon \u2013 hogyan viheted haza a Toszk\u00e1na \u00e9let\u00e9rz\u00e9st az ECOlife szeml\u00e9lettel \ud83c\udf3f\ud83c\udf77 - EcoLIFE","isPartOf":{"@id":"https:\/\/www.ecolife.bio\/#website"},"primaryImageOfPage":{"@id":"https:\/\/www.ecolife.bio\/hu\/blog\/dolce-vita-itthon-hogyan-viheted-haza-a-toszkana-eleterzest-az-ecolife-szemlelettel\/#primaryimage"},"image":{"@id":"https:\/\/www.ecolife.bio\/hu\/blog\/dolce-vita-itthon-hogyan-viheted-haza-a-toszkana-eleterzest-az-ecolife-szemlelettel\/#primaryimage"},"thumbnailUrl":"https:\/\/escbfekz6y3.exactdn.com\/wp-content\/uploads\/2025\/08\/AUG-15.-BLOG-es-HIRLEVEL.png?strip=all","datePublished":"2025-08-14T22:20:00+00:00","breadcrumb":{"@id":"https:\/\/www.ecolife.bio\/hu\/blog\/dolce-vita-itthon-hogyan-viheted-haza-a-toszkana-eleterzest-az-ecolife-szemlelettel\/#breadcrumb"},"inLanguage":"hu","potentialAction":[{"@type":"ReadAction","target":["https:\/\/www.ecolife.bio\/hu\/blog\/dolce-vita-itthon-hogyan-viheted-haza-a-toszkana-eleterzest-az-ecolife-szemlelettel\/"]}]},{"@type":"ImageObject","inLanguage":"hu","@id":"https:\/\/www.ecolife.bio\/hu\/blog\/dolce-vita-itthon-hogyan-viheted-haza-a-toszkana-eleterzest-az-ecolife-szemlelettel\/#primaryimage","url":"https:\/\/escbfekz6y3.exactdn.com\/wp-content\/uploads\/2025\/08\/AUG-15.-BLOG-es-HIRLEVEL.png?strip=all","contentUrl":"https:\/\/escbfekz6y3.exactdn.com\/wp-content\/uploads\/2025\/08\/AUG-15.-BLOG-es-HIRLEVEL.png?strip=all","width":1024,"height":1024,"caption":"La Dolce Vita"},{"@type":"BreadcrumbList","@id":"https:\/\/www.ecolife.bio\/hu\/blog\/dolce-vita-itthon-hogyan-viheted-haza-a-toszkana-eleterzest-az-ecolife-szemlelettel\/#breadcrumb","itemListElement":[{"@type":"ListItem","position":1,"name":"Domovsk\u00e1 str\u00e1nka","item":"https:\/\/www.ecolife.bio\/hu\/"},{"@type":"ListItem","position":2,"name":"Dolce Vita itthon \u2013 hogyan viheted haza a Toszk\u00e1na \u00e9let\u00e9rz\u00e9st az ECOlife szeml\u00e9lettel \ud83c\udf3f\ud83c\udf77"}]},{"@type":"WebSite","@id":"https:\/\/www.ecolife.bio\/#website","url":"https:\/\/www.ecolife.bio\/","name":"EcoLIFE","description":"For an Eco-Friendly Planet","publisher":{"@id":"https:\/\/www.ecolife.bio\/#organization"},"potentialAction":[{"@type":"SearchAction","target":{"@type":"EntryPoint","urlTemplate":"https:\/\/www.ecolife.bio\/?s={search_term_string}"},"query-input":{"@type":"PropertyValueSpecification","valueRequired":true,"valueName":"search_term_string"}}],"inLanguage":"hu"},{"@type":"Organization","@id":"https:\/\/www.ecolife.bio\/#organization","name":"ECOlife.bio","url":"https:\/\/www.ecolife.bio\/","logo":{"@type":"ImageObject","inLanguage":"hu","@id":"https:\/\/www.ecolife.bio\/#\/schema\/logo\/image\/","url":"https:\/\/escbfekz6y3.exactdn.com\/wp-content\/uploads\/2022\/03\/ecolife_logo_final.png?strip=all","contentUrl":"https:\/\/escbfekz6y3.exactdn.com\/wp-content\/uploads\/2022\/03\/ecolife_logo_final.png?strip=all","width":500,"height":500,"caption":"ECOlife.bio"},"image":{"@id":"https:\/\/www.ecolife.bio\/#\/schema\/logo\/image\/"}},{"@type":"Person","@id":"https:\/\/www.ecolife.bio\/#\/schema\/person\/be2af9bdce1ebb16fad93486edabfec6","name":"ECOlife","image":{"@type":"ImageObject","inLanguage":"hu","@id":"https:\/\/www.ecolife.bio\/#\/schema\/person\/image\/","url":"https:\/\/secure.gravatar.com\/avatar\/ff779646d61a87e0e97153fd66cbe1ef?s=96&d=mm&r=g","contentUrl":"https:\/\/secure.gravatar.com\/avatar\/ff779646d61a87e0e97153fd66cbe1ef?s=96&d=mm&r=g","caption":"ECOlife"},"url":"https:\/\/www.ecolife.bio\/hu\/blog\/author\/ecolife\/"}]}},"_links":{"self":[{"href":"https:\/\/www.ecolife.bio\/hu\/wp-json\/wp\/v2\/posts\/5056","targetHints":{"allow":["GET"]}}],"collection":[{"href":"https:\/\/www.ecolife.bio\/hu\/wp-json\/wp\/v2\/posts"}],"about":[{"href":"https:\/\/www.ecolife.bio\/hu\/wp-json\/wp\/v2\/types\/post"}],"author":[{"embeddable":true,"href":"https:\/\/www.ecolife.bio\/hu\/wp-json\/wp\/v2\/users\/5"}],"replies":[{"embeddable":true,"href":"https:\/\/www.ecolife.bio\/hu\/wp-json\/wp\/v2\/comments?post=5056"}],"version-history":[{"count":2,"href":"https:\/\/www.ecolife.bio\/hu\/wp-json\/wp\/v2\/posts\/5056\/revisions"}],"predecessor-version":[{"id":5063,"href":"https:\/\/www.ecolife.bio\/hu\/wp-json\/wp\/v2\/posts\/5056\/revisions\/5063"}],"wp:featuredmedia":[{"embeddable":true,"href":"https:\/\/www.ecolife.bio\/hu\/wp-json\/wp\/v2\/media\/5060"}],"wp:attachment":[{"href":"https:\/\/www.ecolife.bio\/hu\/wp-json\/wp\/v2\/media?parent=5056"}],"wp:term":[{"taxonomy":"category","embeddable":true,"href":"https:\/\/www.ecolife.bio\/hu\/wp-json\/wp\/v2\/categories?post=5056"},{"taxonomy":"post_tag","embeddable":true,"href":"https:\/\/www.ecolife.bio\/hu\/wp-json\/wp\/v2\/tags?post=5056"}],"curies":[{"name":"wp","href":"https:\/\/api.w.org\/{rel}","templated":true}]}}