{"id":5065,"date":"2025-08-31T00:25:00","date_gmt":"2025-08-30T22:25:00","guid":{"rendered":"https:\/\/www.ecolife.bio\/?p=5065"},"modified":"2025-08-31T10:58:14","modified_gmt":"2025-08-31T08:58:14","slug":"nyari-nagytakaritas-a-gepeidnek-hogy-hosszabb-eletuk-legyen-es-te-is-nyugodtabb-lehess","status":"publish","type":"post","link":"https:\/\/www.ecolife.bio\/hu\/blog\/nyari-nagytakaritas-a-gepeidnek-hogy-hosszabb-eletuk-legyen-es-te-is-nyugodtabb-lehess\/","title":{"rendered":"Ny\u00e1ri nagytakar\u00edt\u00e1s a g\u00e9peidnek \u2013 hogy hosszabb \u00e9let\u00fck legyen \u00e9s Te is nyugodtabb lehess"},"content":{"rendered":"<p>Viem, \u017ee v lete m\u00e1 hlavn\u00e9 slovo oddych, v\u00fdlety a slne\u010dn\u00e9 dni.<br \/>Aj ja milujem, ke\u010f si m\u00f4\u017eem v z\u00e1hrade vychutna\u0165 k\u00e1vu, po\u010d\u00fava\u0165 spev vt\u00e1kov alebo sa zasmia\u0165 s de\u0165mi.<br \/>Ale aj po\u010das leta je tu jedna vec, na ktor\u00fa v\u017edy mysl\u00edm \u2013 a chcem, aby ste na \u0148u mysleli aj vy: \u00fadr\u017eba na\u0161ich dom\u00e1cich spotrebi\u010dov.<\/p>\n<p>Nie je to \u201e\u010fal\u0161ia povinnos\u0165\u201c na zozname, ale dar\u010dek pre n\u00e1s sam\u00fdch: menej starost\u00ed, dlh\u0161ia \u017eivotnos\u0165 spotrebi\u010dov a \u00e1no\u2026 prospeje to aj na\u0161ej pe\u0148a\u017eenke. \ud83c\udf3f<\/p>\n<h3>Pre\u010do pr\u00e1ve v lete?<\/h3>\n<p>V lete sa v\u0161etko zr\u00fdchli:<\/p>\n<ul>\n<li>Viac prania \u2013 pl\u00e1\u017eov\u00e9 uter\u00e1ky, letn\u00e9 oble\u010denie<\/li>\n<li>Viac varenia \u2013 pre deti, rodinn\u00e9 obedy, grilova\u010dky<\/li>\n<li>Teplo je skuto\u010dn\u00fdm \u201eur\u00fdch\u013eova\u010dom bakt\u00e9ri\u00ed\u201c \u2013 najm\u00e4 na vlhk\u00fdch miestach, ako je tesnenie pr\u00e1\u010dky alebo vn\u00fatro um\u00fdva\u010dky riadu<\/li>\n<\/ul>\n<p>\u010cist\u00fd spotrebi\u010d nielen lep\u0161ie funguje, ale spotrebuje aj menej elektriny.<\/p>\n<p>\u00a0<\/p>\n<hr \/>\n<h3>Pr\u00e1\u010dka \u2013 du\u0161a \u010dist\u00e9ho pr\u00e1dla<\/h3>\n<p>V\u017edy hovor\u00edm: pr\u00e1\u010dka je jeden z \u201enevidite\u013en\u00fdch hrdinov\u201c rodiny.<br \/>Ke\u010f sa o \u0148u star\u00e1me:<\/p>\n<ul>\n<li>\u017diadny zatuchnut\u00fd, plesniv\u00fd z\u00e1pach<\/li>\n<li>Sta\u010d\u00ed menej pracieho prostriedku<\/li>\n<li>Zostane spo\u013eahliv\u00fdm spolo\u010dn\u00edkom cel\u00e9 roky<\/li>\n<\/ul>\n<p>Ak ju zanedb\u00e1me\u2026 pr\u00eddu nepr\u00edjemn\u00e9 z\u00e1pachy, plesne a \u00fa\u010dty za opravy.<br \/>\ud83d\udca1\u00a0<strong>Tip:<\/strong>\u00a0Raz mesa\u010dne pustite program na vysok\u00fa teplotu s \u010disti\u010dom pr\u00e1\u010dky ECOlife a bez bielizne.<br \/>\ud83d\udc49 Tento \u010dl\u00e1nok som na\u0161la pre v\u00e1s: https:\/\/www.testmagazin.sk\/ako-vycistit-pracku<\/p>\n<hr \/>\n<h3>Su\u0161i\u010dka \u2013 pre hebk\u00e9 a vo\u0148av\u00e9 pr\u00e1dlo<\/h3>\n<p>V lete sa \u013eah\u0161ie vetr\u00e1 a teplo r\u00fdchlej\u0161ie su\u0161\u00ed, ale filter na zachyt\u00e1vanie vl\u00e1kien aj kondenz\u00e1tor treba \u010disti\u0165 st\u00e1le.<\/p>\n<ul>\n<li>\u010cist\u00e1 su\u0161i\u010dka lep\u0161ie su\u0161\u00ed<\/li>\n<li>M\u00e1 ni\u017e\u0161iu spotrebu elektriny<\/li>\n<li>Vyhnete sa prehriatiu a riziku po\u017eiaru<br \/>\u00a0<\/li>\n<\/ul>\n<hr \/>\n<h3>Mikrovlnka \u2013 p\u00e1r min\u00fat a znova \u017eiari<\/h3>\n<p>U n\u00e1s ide mikrovlnka v lete skoro neust\u00e1le, hlavne kv\u00f4li de\u0165om.<\/p>\n<p><strong>V\u00fdhoda:<\/strong>\u00a0\u010cist\u00e1 nepreber\u00e1 pachy jedla<br \/><strong>Nev\u00fdhoda:<\/strong>\u00a0Rozstreky a mastn\u00e9 \u0161kvrny sa r\u00fdchlo stan\u00fa rajom pre bakt\u00e9rie<br \/>\ud83d\udca1\u00a0<strong>Tip:<\/strong>\u00a0Do misky s vodou vlo\u017ete citr\u00f3nov\u00fa k\u00f4ru, 5 min\u00fat zohrievajte a para uvo\u013en\u00ed v\u0161etky ne\u010distoty.<br \/>\ud83d\udc49 \u010eal\u0161ie tipy tu: https:\/\/www.ekobyvanie.sk\/priklady-z-praxe\/napady\/1046-cista-mikrovlnna-rura-s-ekologickymi-cisticmi<\/p>\n<hr \/>\n<h3>Um\u00fdva\u010dka riadu \u2013 pre letn\u00fd lesk<\/h3>\n<p>Aj um\u00fdva\u010dka si v lete zasl\u00fa\u017ei trochu starostlivosti.<\/p>\n<p><strong>V\u00fdhoda:<\/strong>\u00a0\u010cistej\u0161\u00ed riad, menej vodn\u00e9ho kame\u0148a<br \/><strong>Nev\u00fdhoda:<\/strong>\u00a0Ak ju zanedb\u00e1te \u2013 nepr\u00edjemn\u00fd z\u00e1pach, \u0161kvrnit\u00e9 poh\u00e1re<br \/>\ud83d\udca1\u00a0<strong>Tip:<\/strong>\u00a0Raz mesa\u010dne ECOlife \u010distiaca tableta na pr\u00e1zdny program.<br \/>\ud83d\udccc Skvel\u00fd \u010dl\u00e1nok k t\u00e9me: https:\/\/www.westwing.sk\/inspiration\/rady-a-napady\/upratovanie-domacnosti\/ako-vycistit-umyvacku-riadu\/<\/p>\n<hr \/>\n<h3>+ BONUS: na \u010do sa \u010dasto zab\u00fada<\/h3>\n<ul>\n<li><strong>K\u00e1vovar<\/strong>\u00a0\u2013 vodn\u00fd kame\u0148 ovplyv\u0148uje chu\u0165 aj \u017eivotnos\u0165 pr\u00edstroja<\/li>\n<li><strong>Filter digestora<\/strong>\u00a0\u2013 v lete sa mast\u00ed r\u00fdchlej\u0161ie<\/li>\n<li><strong>Zadn\u00e1 strana chladni\u010dky<\/strong>\u00a0\u2013 prach upch\u00e1va mrie\u017eku, zvy\u0161uje spotrebu energie<br \/>\ud83d\udccc \u010c\u00edtajte viac: https:\/\/www.albero.sk\/blog\/ako-udrziavat-kuchynu-cistu-prakticke-rady-na-cistenie-roznych-povrchov-a-spotrebicov<\/li>\n<\/ul>\n<hr \/>\n<h3>Pre\u010do je to pre m\u0148a d\u00f4le\u017eit\u00e9?<\/h3>\n<p>Preto\u017ee ver\u00edm, \u017ee \u010distota a bezpe\u010dnos\u0165 id\u00fa ruka v ruke.<br \/>A preto\u017ee ako mama, man\u017eelka a \u017eena viem, \u017ee to, \u010do teraz vlo\u017e\u00edme do n\u00e1\u0161ho domova, sa n\u00e1m nesk\u00f4r mnohon\u00e1sobne vr\u00e1ti \u2013 v zdrav\u00ed, pokoji a \u00e1no, aj v na\u0161ej pe\u0148a\u017eenke.<\/p>\n<p>\ud83d\udc9a Ak chce\u0161 aj ty \u010disti\u0165 bezpe\u010dne a prirodzene, pozri si ponuku ECOlife tu:\u00a0<a href=\"https:\/\/www.ecolife.bio\/kat\/produkty\/\">https:\/\/www.ecolife.bio<\/a><\/p>","protected":false},"excerpt":{"rendered":"","protected":false},"author":5,"featured_media":5068,"comment_status":"closed","ping_status":"closed","sticky":false,"template":"","format":"standard","meta":{"footnotes":""},"categories":[16],"tags":[],"class_list":["post-5065","post","type-post","status-publish","format-standard","has-post-thumbnail","hentry","category-blog"],"yoast_head":"<!-- This site is optimized with the Yoast SEO plugin v26.8 - https:\/\/yoast.com\/product\/yoast-seo-wordpress\/ -->\n<title>Ny\u00e1ri nagytakar\u00edt\u00e1s a g\u00e9peidnek \u2013 hogy hosszabb \u00e9let\u00fck legyen \u00e9s Te is nyugodtabb lehess - EcoLIFE<\/title>\n<meta name=\"robots\" content=\"index, follow, max-snippet:-1, max-image-preview:large, max-video-preview:-1\" \/>\n<link rel=\"canonical\" href=\"https:\/\/www.ecolife.bio\/hu\/blog\/nyari-nagytakaritas-a-gepeidnek-hogy-hosszabb-eletuk-legyen-es-te-is-nyugodtabb-lehess\/\" \/>\n<meta property=\"og:locale\" content=\"hu_HU\" \/>\n<meta property=\"og:type\" content=\"article\" \/>\n<meta property=\"og:title\" content=\"Ny\u00e1ri nagytakar\u00edt\u00e1s a g\u00e9peidnek \u2013 hogy hosszabb \u00e9let\u00fck legyen \u00e9s Te is nyugodtabb lehess - EcoLIFE\" \/>\n<meta property=\"og:url\" content=\"https:\/\/www.ecolife.bio\/hu\/blog\/nyari-nagytakaritas-a-gepeidnek-hogy-hosszabb-eletuk-legyen-es-te-is-nyugodtabb-lehess\/\" \/>\n<meta property=\"og:site_name\" content=\"EcoLIFE\" \/>\n<meta property=\"article:published_time\" content=\"2025-08-30T22:25:00+00:00\" \/>\n<meta property=\"article:modified_time\" content=\"2025-08-31T08:58:14+00:00\" \/>\n<meta property=\"og:image\" content=\"https:\/\/www.ecolife.bio\/wp-content\/uploads\/2025\/08\/HIRLEVEL_-BLOG-HU_SK-AUG-31-1080x720.png\" \/>\n\t<meta property=\"og:image:width\" content=\"1080\" \/>\n\t<meta property=\"og:image:height\" content=\"720\" \/>\n\t<meta property=\"og:image:type\" content=\"image\/png\" \/>\n<meta name=\"author\" content=\"ECOlife\" \/>\n<meta name=\"twitter:card\" content=\"summary_large_image\" \/>\n<meta name=\"twitter:label1\" content=\"Szerz\u0151:\" \/>\n\t<meta name=\"twitter:data1\" content=\"ECOlife\" \/>\n\t<meta name=\"twitter:label2\" content=\"Becs\u00fclt olvas\u00e1si id\u0151\" \/>\n\t<meta name=\"twitter:data2\" content=\"3 perc\" \/>\n<script type=\"application\/ld+json\" class=\"yoast-schema-graph\">{\"@context\":\"https:\/\/schema.org\",\"@graph\":[{\"@type\":\"Article\",\"@id\":\"https:\/\/www.ecolife.bio\/hu\/blog\/nyari-nagytakaritas-a-gepeidnek-hogy-hosszabb-eletuk-legyen-es-te-is-nyugodtabb-lehess\/#article\",\"isPartOf\":{\"@id\":\"https:\/\/www.ecolife.bio\/hu\/blog\/nyari-nagytakaritas-a-gepeidnek-hogy-hosszabb-eletuk-legyen-es-te-is-nyugodtabb-lehess\/\"},\"author\":{\"name\":\"ECOlife\",\"@id\":\"https:\/\/www.ecolife.bio\/#\/schema\/person\/be2af9bdce1ebb16fad93486edabfec6\"},\"headline\":\"Ny\u00e1ri nagytakar\u00edt\u00e1s a g\u00e9peidnek \u2013 hogy hosszabb \u00e9let\u00fck legyen \u00e9s Te is nyugodtabb lehess\",\"datePublished\":\"2025-08-30T22:25:00+00:00\",\"dateModified\":\"2025-08-31T08:58:14+00:00\",\"mainEntityOfPage\":{\"@id\":\"https:\/\/www.ecolife.bio\/hu\/blog\/nyari-nagytakaritas-a-gepeidnek-hogy-hosszabb-eletuk-legyen-es-te-is-nyugodtabb-lehess\/\"},\"wordCount\":609,\"publisher\":{\"@id\":\"https:\/\/www.ecolife.bio\/#organization\"},\"image\":{\"@id\":\"https:\/\/www.ecolife.bio\/hu\/blog\/nyari-nagytakaritas-a-gepeidnek-hogy-hosszabb-eletuk-legyen-es-te-is-nyugodtabb-lehess\/#primaryimage\"},\"thumbnailUrl\":\"https:\/\/escbfekz6y3.exactdn.com\/wp-content\/uploads\/2025\/08\/HIRLEVEL_-BLOG-HU_SK-AUG-31.png?strip=all\",\"articleSection\":[\"Blog (HU)\"],\"inLanguage\":\"hu\"},{\"@type\":\"WebPage\",\"@id\":\"https:\/\/www.ecolife.bio\/hu\/blog\/nyari-nagytakaritas-a-gepeidnek-hogy-hosszabb-eletuk-legyen-es-te-is-nyugodtabb-lehess\/\",\"url\":\"https:\/\/www.ecolife.bio\/hu\/blog\/nyari-nagytakaritas-a-gepeidnek-hogy-hosszabb-eletuk-legyen-es-te-is-nyugodtabb-lehess\/\",\"name\":\"Ny\u00e1ri nagytakar\u00edt\u00e1s a g\u00e9peidnek \u2013 hogy hosszabb \u00e9let\u00fck legyen \u00e9s Te is nyugodtabb lehess - EcoLIFE\",\"isPartOf\":{\"@id\":\"https:\/\/www.ecolife.bio\/#website\"},\"primaryImageOfPage\":{\"@id\":\"https:\/\/www.ecolife.bio\/hu\/blog\/nyari-nagytakaritas-a-gepeidnek-hogy-hosszabb-eletuk-legyen-es-te-is-nyugodtabb-lehess\/#primaryimage\"},\"image\":{\"@id\":\"https:\/\/www.ecolife.bio\/hu\/blog\/nyari-nagytakaritas-a-gepeidnek-hogy-hosszabb-eletuk-legyen-es-te-is-nyugodtabb-lehess\/#primaryimage\"},\"thumbnailUrl\":\"https:\/\/escbfekz6y3.exactdn.com\/wp-content\/uploads\/2025\/08\/HIRLEVEL_-BLOG-HU_SK-AUG-31.png?strip=all\",\"datePublished\":\"2025-08-30T22:25:00+00:00\",\"dateModified\":\"2025-08-31T08:58:14+00:00\",\"breadcrumb\":{\"@id\":\"https:\/\/www.ecolife.bio\/hu\/blog\/nyari-nagytakaritas-a-gepeidnek-hogy-hosszabb-eletuk-legyen-es-te-is-nyugodtabb-lehess\/#breadcrumb\"},\"inLanguage\":\"hu\",\"potentialAction\":[{\"@type\":\"ReadAction\",\"target\":[\"https:\/\/www.ecolife.bio\/hu\/blog\/nyari-nagytakaritas-a-gepeidnek-hogy-hosszabb-eletuk-legyen-es-te-is-nyugodtabb-lehess\/\"]}]},{\"@type\":\"ImageObject\",\"inLanguage\":\"hu\",\"@id\":\"https:\/\/www.ecolife.bio\/hu\/blog\/nyari-nagytakaritas-a-gepeidnek-hogy-hosszabb-eletuk-legyen-es-te-is-nyugodtabb-lehess\/#primaryimage\",\"url\":\"https:\/\/escbfekz6y3.exactdn.com\/wp-content\/uploads\/2025\/08\/HIRLEVEL_-BLOG-HU_SK-AUG-31.png?strip=all\",\"contentUrl\":\"https:\/\/escbfekz6y3.exactdn.com\/wp-content\/uploads\/2025\/08\/HIRLEVEL_-BLOG-HU_SK-AUG-31.png?strip=all\",\"width\":1536,\"height\":1024,\"caption\":\"ECOlife blog AUG 31\"},{\"@type\":\"BreadcrumbList\",\"@id\":\"https:\/\/www.ecolife.bio\/hu\/blog\/nyari-nagytakaritas-a-gepeidnek-hogy-hosszabb-eletuk-legyen-es-te-is-nyugodtabb-lehess\/#breadcrumb\",\"itemListElement\":[{\"@type\":\"ListItem\",\"position\":1,\"name\":\"Domovsk\u00e1 str\u00e1nka\",\"item\":\"https:\/\/www.ecolife.bio\/hu\/\"},{\"@type\":\"ListItem\",\"position\":2,\"name\":\"Ny\u00e1ri nagytakar\u00edt\u00e1s a g\u00e9peidnek \u2013 hogy hosszabb \u00e9let\u00fck legyen \u00e9s Te is nyugodtabb lehess\"}]},{\"@type\":\"WebSite\",\"@id\":\"https:\/\/www.ecolife.bio\/#website\",\"url\":\"https:\/\/www.ecolife.bio\/\",\"name\":\"EcoLIFE\",\"description\":\"For an Eco-Friendly Planet\",\"publisher\":{\"@id\":\"https:\/\/www.ecolife.bio\/#organization\"},\"potentialAction\":[{\"@type\":\"SearchAction\",\"target\":{\"@type\":\"EntryPoint\",\"urlTemplate\":\"https:\/\/www.ecolife.bio\/?s={search_term_string}\"},\"query-input\":{\"@type\":\"PropertyValueSpecification\",\"valueRequired\":true,\"valueName\":\"search_term_string\"}}],\"inLanguage\":\"hu\"},{\"@type\":\"Organization\",\"@id\":\"https:\/\/www.ecolife.bio\/#organization\",\"name\":\"ECOlife.bio\",\"url\":\"https:\/\/www.ecolife.bio\/\",\"logo\":{\"@type\":\"ImageObject\",\"inLanguage\":\"hu\",\"@id\":\"https:\/\/www.ecolife.bio\/#\/schema\/logo\/image\/\",\"url\":\"https:\/\/escbfekz6y3.exactdn.com\/wp-content\/uploads\/2022\/03\/ecolife_logo_final.png?strip=all\",\"contentUrl\":\"https:\/\/escbfekz6y3.exactdn.com\/wp-content\/uploads\/2022\/03\/ecolife_logo_final.png?strip=all\",\"width\":500,\"height\":500,\"caption\":\"ECOlife.bio\"},\"image\":{\"@id\":\"https:\/\/www.ecolife.bio\/#\/schema\/logo\/image\/\"}},{\"@type\":\"Person\",\"@id\":\"https:\/\/www.ecolife.bio\/#\/schema\/person\/be2af9bdce1ebb16fad93486edabfec6\",\"name\":\"ECOlife\",\"image\":{\"@type\":\"ImageObject\",\"inLanguage\":\"hu\",\"@id\":\"https:\/\/www.ecolife.bio\/#\/schema\/person\/image\/\",\"url\":\"https:\/\/secure.gravatar.com\/avatar\/ff779646d61a87e0e97153fd66cbe1ef?s=96&d=mm&r=g\",\"contentUrl\":\"https:\/\/secure.gravatar.com\/avatar\/ff779646d61a87e0e97153fd66cbe1ef?s=96&d=mm&r=g\",\"caption\":\"ECOlife\"},\"url\":\"https:\/\/www.ecolife.bio\/hu\/blog\/author\/ecolife\/\"}]}<\/script>\n<!-- \/ Yoast SEO plugin. -->","yoast_head_json":{"title":"Ny\u00e1ri nagytakar\u00edt\u00e1s a g\u00e9peidnek \u2013 hogy hosszabb \u00e9let\u00fck legyen \u00e9s Te is nyugodtabb lehess - EcoLIFE","robots":{"index":"index","follow":"follow","max-snippet":"max-snippet:-1","max-image-preview":"max-image-preview:large","max-video-preview":"max-video-preview:-1"},"canonical":"https:\/\/www.ecolife.bio\/hu\/blog\/nyari-nagytakaritas-a-gepeidnek-hogy-hosszabb-eletuk-legyen-es-te-is-nyugodtabb-lehess\/","og_locale":"hu_HU","og_type":"article","og_title":"Ny\u00e1ri nagytakar\u00edt\u00e1s a g\u00e9peidnek \u2013 hogy hosszabb \u00e9let\u00fck legyen \u00e9s Te is nyugodtabb lehess - EcoLIFE","og_url":"https:\/\/www.ecolife.bio\/hu\/blog\/nyari-nagytakaritas-a-gepeidnek-hogy-hosszabb-eletuk-legyen-es-te-is-nyugodtabb-lehess\/","og_site_name":"EcoLIFE","article_published_time":"2025-08-30T22:25:00+00:00","article_modified_time":"2025-08-31T08:58:14+00:00","og_image":[{"width":1080,"height":720,"url":"https:\/\/www.ecolife.bio\/wp-content\/uploads\/2025\/08\/HIRLEVEL_-BLOG-HU_SK-AUG-31-1080x720.png","type":"image\/png"}],"author":"ECOlife","twitter_card":"summary_large_image","twitter_misc":{"Szerz\u0151:":"ECOlife","Becs\u00fclt olvas\u00e1si id\u0151":"3 perc"},"schema":{"@context":"https:\/\/schema.org","@graph":[{"@type":"Article","@id":"https:\/\/www.ecolife.bio\/hu\/blog\/nyari-nagytakaritas-a-gepeidnek-hogy-hosszabb-eletuk-legyen-es-te-is-nyugodtabb-lehess\/#article","isPartOf":{"@id":"https:\/\/www.ecolife.bio\/hu\/blog\/nyari-nagytakaritas-a-gepeidnek-hogy-hosszabb-eletuk-legyen-es-te-is-nyugodtabb-lehess\/"},"author":{"name":"ECOlife","@id":"https:\/\/www.ecolife.bio\/#\/schema\/person\/be2af9bdce1ebb16fad93486edabfec6"},"headline":"Ny\u00e1ri nagytakar\u00edt\u00e1s a g\u00e9peidnek \u2013 hogy hosszabb \u00e9let\u00fck legyen \u00e9s Te is nyugodtabb lehess","datePublished":"2025-08-30T22:25:00+00:00","dateModified":"2025-08-31T08:58:14+00:00","mainEntityOfPage":{"@id":"https:\/\/www.ecolife.bio\/hu\/blog\/nyari-nagytakaritas-a-gepeidnek-hogy-hosszabb-eletuk-legyen-es-te-is-nyugodtabb-lehess\/"},"wordCount":609,"publisher":{"@id":"https:\/\/www.ecolife.bio\/#organization"},"image":{"@id":"https:\/\/www.ecolife.bio\/hu\/blog\/nyari-nagytakaritas-a-gepeidnek-hogy-hosszabb-eletuk-legyen-es-te-is-nyugodtabb-lehess\/#primaryimage"},"thumbnailUrl":"https:\/\/escbfekz6y3.exactdn.com\/wp-content\/uploads\/2025\/08\/HIRLEVEL_-BLOG-HU_SK-AUG-31.png?strip=all","articleSection":["Blog (HU)"],"inLanguage":"hu"},{"@type":"WebPage","@id":"https:\/\/www.ecolife.bio\/hu\/blog\/nyari-nagytakaritas-a-gepeidnek-hogy-hosszabb-eletuk-legyen-es-te-is-nyugodtabb-lehess\/","url":"https:\/\/www.ecolife.bio\/hu\/blog\/nyari-nagytakaritas-a-gepeidnek-hogy-hosszabb-eletuk-legyen-es-te-is-nyugodtabb-lehess\/","name":"Ny\u00e1ri nagytakar\u00edt\u00e1s a g\u00e9peidnek \u2013 hogy hosszabb \u00e9let\u00fck legyen \u00e9s Te is nyugodtabb lehess - EcoLIFE","isPartOf":{"@id":"https:\/\/www.ecolife.bio\/#website"},"primaryImageOfPage":{"@id":"https:\/\/www.ecolife.bio\/hu\/blog\/nyari-nagytakaritas-a-gepeidnek-hogy-hosszabb-eletuk-legyen-es-te-is-nyugodtabb-lehess\/#primaryimage"},"image":{"@id":"https:\/\/www.ecolife.bio\/hu\/blog\/nyari-nagytakaritas-a-gepeidnek-hogy-hosszabb-eletuk-legyen-es-te-is-nyugodtabb-lehess\/#primaryimage"},"thumbnailUrl":"https:\/\/escbfekz6y3.exactdn.com\/wp-content\/uploads\/2025\/08\/HIRLEVEL_-BLOG-HU_SK-AUG-31.png?strip=all","datePublished":"2025-08-30T22:25:00+00:00","dateModified":"2025-08-31T08:58:14+00:00","breadcrumb":{"@id":"https:\/\/www.ecolife.bio\/hu\/blog\/nyari-nagytakaritas-a-gepeidnek-hogy-hosszabb-eletuk-legyen-es-te-is-nyugodtabb-lehess\/#breadcrumb"},"inLanguage":"hu","potentialAction":[{"@type":"ReadAction","target":["https:\/\/www.ecolife.bio\/hu\/blog\/nyari-nagytakaritas-a-gepeidnek-hogy-hosszabb-eletuk-legyen-es-te-is-nyugodtabb-lehess\/"]}]},{"@type":"ImageObject","inLanguage":"hu","@id":"https:\/\/www.ecolife.bio\/hu\/blog\/nyari-nagytakaritas-a-gepeidnek-hogy-hosszabb-eletuk-legyen-es-te-is-nyugodtabb-lehess\/#primaryimage","url":"https:\/\/escbfekz6y3.exactdn.com\/wp-content\/uploads\/2025\/08\/HIRLEVEL_-BLOG-HU_SK-AUG-31.png?strip=all","contentUrl":"https:\/\/escbfekz6y3.exactdn.com\/wp-content\/uploads\/2025\/08\/HIRLEVEL_-BLOG-HU_SK-AUG-31.png?strip=all","width":1536,"height":1024,"caption":"ECOlife blog AUG 31"},{"@type":"BreadcrumbList","@id":"https:\/\/www.ecolife.bio\/hu\/blog\/nyari-nagytakaritas-a-gepeidnek-hogy-hosszabb-eletuk-legyen-es-te-is-nyugodtabb-lehess\/#breadcrumb","itemListElement":[{"@type":"ListItem","position":1,"name":"Domovsk\u00e1 str\u00e1nka","item":"https:\/\/www.ecolife.bio\/hu\/"},{"@type":"ListItem","position":2,"name":"Ny\u00e1ri nagytakar\u00edt\u00e1s a g\u00e9peidnek \u2013 hogy hosszabb \u00e9let\u00fck legyen \u00e9s Te is nyugodtabb lehess"}]},{"@type":"WebSite","@id":"https:\/\/www.ecolife.bio\/#website","url":"https:\/\/www.ecolife.bio\/","name":"EcoLIFE","description":"For an Eco-Friendly Planet","publisher":{"@id":"https:\/\/www.ecolife.bio\/#organization"},"potentialAction":[{"@type":"SearchAction","target":{"@type":"EntryPoint","urlTemplate":"https:\/\/www.ecolife.bio\/?s={search_term_string}"},"query-input":{"@type":"PropertyValueSpecification","valueRequired":true,"valueName":"search_term_string"}}],"inLanguage":"hu"},{"@type":"Organization","@id":"https:\/\/www.ecolife.bio\/#organization","name":"ECOlife.bio","url":"https:\/\/www.ecolife.bio\/","logo":{"@type":"ImageObject","inLanguage":"hu","@id":"https:\/\/www.ecolife.bio\/#\/schema\/logo\/image\/","url":"https:\/\/escbfekz6y3.exactdn.com\/wp-content\/uploads\/2022\/03\/ecolife_logo_final.png?strip=all","contentUrl":"https:\/\/escbfekz6y3.exactdn.com\/wp-content\/uploads\/2022\/03\/ecolife_logo_final.png?strip=all","width":500,"height":500,"caption":"ECOlife.bio"},"image":{"@id":"https:\/\/www.ecolife.bio\/#\/schema\/logo\/image\/"}},{"@type":"Person","@id":"https:\/\/www.ecolife.bio\/#\/schema\/person\/be2af9bdce1ebb16fad93486edabfec6","name":"ECOlife","image":{"@type":"ImageObject","inLanguage":"hu","@id":"https:\/\/www.ecolife.bio\/#\/schema\/person\/image\/","url":"https:\/\/secure.gravatar.com\/avatar\/ff779646d61a87e0e97153fd66cbe1ef?s=96&d=mm&r=g","contentUrl":"https:\/\/secure.gravatar.com\/avatar\/ff779646d61a87e0e97153fd66cbe1ef?s=96&d=mm&r=g","caption":"ECOlife"},"url":"https:\/\/www.ecolife.bio\/hu\/blog\/author\/ecolife\/"}]}},"_links":{"self":[{"href":"https:\/\/www.ecolife.bio\/hu\/wp-json\/wp\/v2\/posts\/5065","targetHints":{"allow":["GET"]}}],"collection":[{"href":"https:\/\/www.ecolife.bio\/hu\/wp-json\/wp\/v2\/posts"}],"about":[{"href":"https:\/\/www.ecolife.bio\/hu\/wp-json\/wp\/v2\/types\/post"}],"author":[{"embeddable":true,"href":"https:\/\/www.ecolife.bio\/hu\/wp-json\/wp\/v2\/users\/5"}],"replies":[{"embeddable":true,"href":"https:\/\/www.ecolife.bio\/hu\/wp-json\/wp\/v2\/comments?post=5065"}],"version-history":[{"count":4,"href":"https:\/\/www.ecolife.bio\/hu\/wp-json\/wp\/v2\/posts\/5065\/revisions"}],"predecessor-version":[{"id":5152,"href":"https:\/\/www.ecolife.bio\/hu\/wp-json\/wp\/v2\/posts\/5065\/revisions\/5152"}],"wp:featuredmedia":[{"embeddable":true,"href":"https:\/\/www.ecolife.bio\/hu\/wp-json\/wp\/v2\/media\/5068"}],"wp:attachment":[{"href":"https:\/\/www.ecolife.bio\/hu\/wp-json\/wp\/v2\/media?parent=5065"}],"wp:term":[{"taxonomy":"category","embeddable":true,"href":"https:\/\/www.ecolife.bio\/hu\/wp-json\/wp\/v2\/categories?post=5065"},{"taxonomy":"post_tag","embeddable":true,"href":"https:\/\/www.ecolife.bio\/hu\/wp-json\/wp\/v2\/tags?post=5065"}],"curies":[{"name":"wp","href":"https:\/\/api.w.org\/{rel}","templated":true}]}}