{"id":6046,"date":"2025-11-19T16:08:54","date_gmt":"2025-11-19T14:08:54","guid":{"rendered":"https:\/\/www.ecolife.bio\/?p=6046"},"modified":"2025-11-19T16:22:24","modified_gmt":"2025-11-19T14:22:24","slug":"az-osz-bekoszont-es-vele-egyutt-bekoltozunk-a-negy-fal-koze","status":"publish","type":"post","link":"https:\/\/www.ecolife.bio\/hu\/blog\/az-osz-bekoszont-es-vele-egyutt-bekoltozunk-a-negy-fal-koze\/","title":{"rendered":"\ud83c\udf42 \u0150sszel, m\u00e1r az otthon meleg\u00e9re v\u00e1gyunk &#8211; a tiszta otthonra a leveg\u0151 friss illat\u00e1ra, de vajon igaz\u00e1n tiszta e a leveg\u0151, vagy csak a vegyszerek illatos felh\u0151j\u00e9t \u201e\u00e9lvezz\u00fck\u201d?"},"content":{"rendered":"<h2><b>\ud83c\udf41<\/b><b> Az \u0151sz bek\u00f6sz\u00f6nt, \u00e9s vele egy\u00fctt bek\u00f6lt\u00f6z\u00fcnk a n\u00e9gy fal k\u00f6z\u00e9<\/b><\/h2>\n<p><span style=\"font-weight: 400;\">Ahogy h\u0171l a leveg\u0151, mindannyian t\u00f6bbet vagyunk otthon. A meleg szoba, a friss illat, a takar\u00edt\u00e1s ut\u00e1ni csillog\u00e1s \u2013 mind megnyugtat\u00f3 \u00e9rz\u00e9s.<\/span><span style=\"font-weight: 400;\"><br \/><\/span><span style=\"font-weight: 400;\">De vajon belegondoltunk-e m\u00e1r abba, hogy <\/span><b>mi is ez az illat val\u00f3j\u00e1ban<\/b><span style=\"font-weight: 400;\">?<\/span><\/p>\n<p><span style=\"font-weight: 400;\">A f\u0171t\u00e9ssel \u00e9s z\u00e1rt ablakokkal egy\u00fctt a leveg\u0151 alig cser\u00e9l\u0151dik. A takar\u00edt\u00e1s ut\u00e1n felszabadul\u00f3 ill\u00e9kony vegy\u00fcletek (VOC \u2013 volatile organic compounds) bent rekednek, a leveg\u0151ben, a b\u00fatorokon, a ruh\u00e1n, s\u0151t \u2013 m\u00e9g a t\u00e1ny\u00e9ron is.<\/span><\/p>\n<p><span style=\"font-weight: 400;\">\u00c9s b\u00e1r sokan azt gondolj\u00e1k: \u201ekis mennyis\u00e9gben nem \u00e1rthat\u201d, az igazs\u00e1g az, hogy <\/span><b>naponta t\u00f6bb sz\u00e1z apr\u00f3 forr\u00e1sb\u00f3l \u00e9r minket k\u00e9miai terhel\u00e9s<\/b><span style=\"font-weight: 400;\">.<\/span><span style=\"font-weight: 400;\"><br \/><\/span><span style=\"font-weight: 400;\">Egy kicsi a mos\u00f3szerb\u0151l, egy kicsi a padl\u00f3tiszt\u00edt\u00f3b\u00f3l, egy adag a l\u00e9gfriss\u00edt\u0151b\u0151l, a parf\u00fcmb\u0151l \u2013 \u00e9s a test\u00fcnk egyszer csak el\u00e9ri a kritikus hat\u00e1rt.<\/span><\/p>\n<h2><b>A tudom\u00e1ny ugyan figyelmeztet &#8211; \u00e9s ez most k\u00fcl\u00f6n\u00f6sen \u0151sszel fontos &#8211; <\/b><b>de ki veszi ezt ugye komolyan?<\/b><\/h2>\n<p><span style=\"font-weight: 400;\">A Harvard University \u00e9s az Eur\u00f3pai K\u00f6rnyezet-eg\u00e9szs\u00e9g\u00fcgyi Hivatal (EEA) kutat\u00e1sai szerint a h\u00e1ztart\u00e1si tiszt\u00edt\u00f3szerek rendszeres haszn\u00e1lata a z\u00e1rt terekben:<\/span><\/p>\n<p><span style=\"font-weight: 400;\">\u27a1<\/span> <b>ak\u00e1r 30%-kal n\u00f6velheti az asztma \u00e9s a l\u00e9g\u00fati irrit\u00e1ci\u00f3 kock\u00e1zat\u00e1t<\/b><span style=\"font-weight: 400;\"> \u2013 ez az\u00e9rt nem alacsony sz\u00e1m!<\/span><span style=\"font-weight: 400;\"><br \/><\/span><span style=\"font-weight: 400;\">\u27a1<\/span> <b>hossz\u00fa t\u00e1von gyeng\u00edtheti a l\u00e9gz\u0151 rendszer term\u00e9szetes v\u00e9dekez\u00e9s\u00e9t <\/b><span style=\"font-weight: 400;\">&#8211;<\/span> <span style=\"font-weight: 400;\">A kutat\u00e1sok szerint a takar\u00edt\u00e1s ut\u00e1n felszabadul\u00f3 ill\u00e9kony vegy\u00fcletek egy r\u00e9sze ak\u00e1r \u00f3r\u00e1kon \u00e1t lebeghet a leveg\u0151ben \u2014 vagyis ugyanazokat a vegyszermolekul\u00e1kat l\u00e9legezed be \u00fajra \u00e9s \u00fajra, minden egyes bel\u00e9gz\u00e9ssel.<\/span><\/p>\n<p><span style=\"font-weight: 400;\">Ezek \u00fat\u00e1n m\u00e9g ki csod\u00e1lkozik a rengeteg allergi\u00e1s \u2013 l\u00e9gz\u0151szervi megbeteged\u00e9sen?<\/span><\/p>\n<p><span style=\"font-weight: 400;\">A f\u0171t\u00e9s term\u00e9szetesen fokozza a hat\u00e1st: a meleg leveg\u0151 gyors\u00edtja a vegyszerek kip\u00e1rolg\u00e1s\u00e1t, mik\u00f6zben a lak\u00e1sban a leveg\u0151 pang.<\/span><span style=\"font-weight: 400;\"><br \/><\/span><span style=\"font-weight: 400;\">\u00cdgy a \u201efriss illat\u201d val\u00f3j\u00e1ban egy <\/span><b>k\u00e9miai kokt\u00e9l<\/b><span style=\"font-weight: 400;\">, amit \u00e9szrev\u00e9tlen\u00fcl bel\u00e9legz\u00fcnk nap mint nap.<\/span><\/p>\n<h2><b>\u00a0<\/b><b>+ 10 nagyon komoly, szakmailag megalapozott \u00e9rv &#8211; r\u00f6viden, \u00e9rthet\u0151en, egyszer\u0171en!<\/b><\/h2>\n<ol>\n<li>\n<h3><strong> L\u00e9gz\u0151szervi irrit\u00e1ci\u00f3 \u00e9s gyullad\u00e1s (VOC-k hat\u00e1sa)<\/strong><\/h3>\n<\/li>\n<\/ol>\n<p><span style=\"font-weight: 400;\">A VOC-k \u2013 azaz a vegyszeres tiszt\u00edt\u00f3szerekb\u0151l kip\u00e1rolg\u00f3 illatanyagok k\u00f6zvetlen\u00fcl irrit\u00e1lj\u00e1k a l\u00e9gutakat: torkot, orrny\u00e1lkah\u00e1rty\u00e1t, h\u00f6rg\u0151ket.<\/span><span style=\"font-weight: 400;\"><br \/><\/span><span style=\"font-weight: 400;\">Gyakori k\u00f6vetkezm\u00e9ny: k\u00f6h\u00f6g\u00e9s, kapar\u00e1s, toroksz\u00e1rad\u00e1s, zih\u00e1l\u00e1s.<\/span><\/p>\n<ol start=\"2\">\n<li>\n<h3><b> Asztma kialakul\u00e1sa \u00e9s s\u00falyosbod\u00e1sa<\/b><\/h3>\n<\/li>\n<\/ol>\n<p><b>A mindennapi vegyszeres tiszt\u00edt\u00f3szer-haszn\u00e1lat<\/b><span style=\"font-weight: 400;\"> a kutat\u00e1sok szerint:<\/span><span style=\"font-weight: 400;\"><br \/><\/span><span style=\"font-weight: 400;\">\u2013 30\u201340%-kal n\u00f6veli az asztma es\u00e9ly\u00e9t,<\/span><span style=\"font-weight: 400;\"><br \/><\/span><span style=\"font-weight: 400;\">\u2013 megl\u00e9v\u0151 asztm\u00e1t s\u00falyosb\u00edthat.<\/span><span style=\"font-weight: 400;\"><br \/><\/span><span style=\"font-weight: 400;\">A panasz sokszor nem azonnal, <\/span><b>hanem \u00e9vek alatt jelentkezik.<\/b><\/p>\n<ol start=\"3\">\n<li>\n<h3><b> A t\u00fcd\u0151 term\u00e9szetes v\u00e9dekez\u0151 mechanizmus\u00e1nak gyeng\u00fcl\u00e9se<\/b><\/h3>\n<\/li>\n<\/ol>\n<p><span style=\"font-weight: 400;\">A t\u00fcd\u0151 finom csill\u00f3sz\u0151rei (cilia) felel\u0151sek a tiszt\u00edt\u00e1s\u00e9rt.<\/span><span style=\"font-weight: 400;\"><br \/><\/span><span style=\"font-weight: 400;\">A vegyi anyagok ezeket k\u00e1ros\u00edtj\u00e1k \u2192 lassabb \u00f6ntisztul\u00e1s \u2192 t\u00f6bb gyullad\u00e1s.<\/span><\/p>\n<ol start=\"4\">\n<li>\n<h3><b> Z\u00e1rt t\u00e9rben a vegyszerek koncentr\u00e1ci\u00f3ja 2\u20135\u00d7 magasabb<\/b><\/h3>\n<\/li>\n<\/ol>\n<p><span style=\"font-weight: 400;\">\u0150sszel a f\u0171t\u00e9s miatt a leveg\u0151 nem cser\u00e9l\u0151dik \u2192 a toxikus anyagok bent rekednek, felhalmoz\u00f3dnak \u2192 hosszabb ideig l\u00e9legezz\u00fck be ugyanazt a leveg\u0151t.<\/span><\/p>\n<ol start=\"5\">\n<li>\n<h3><b> A b\u0151r\u00f6n \u00e1t is felsz\u00edv\u00f3dnak (kontakt dermatitis)<\/b><\/h3>\n<\/li>\n<\/ol>\n<p><span style=\"font-weight: 400;\">A lak\u00e1s fel\u00fclet\u00e9n marad\u00f3 tiszt\u00edt\u00f3szer-maradv\u00e1nyok:<\/span><span style=\"font-weight: 400;\"><br \/><\/span><span style=\"font-weight: 400;\">\u2013 kisz\u00e1r\u00edtj\u00e1k a b\u0151rt,<\/span><span style=\"font-weight: 400;\"><br \/><\/span><span style=\"font-weight: 400;\">\u2013 irrit\u00e1ci\u00f3t okozhatnak,<\/span><span style=\"font-weight: 400;\"><br \/><\/span><span style=\"font-weight: 400;\">\u2013 hossz\u00fa t\u00e1von allergi\u00e1t v\u00e1lthatnak ki.<\/span><span style=\"font-weight: 400;\"><br \/><\/span><span style=\"font-weight: 400;\">Gyakori t\u00fcnet: k\u00e9zfej pirosod\u00e1s, \u00e9g\u0151 \u00e9rz\u00e9s, viszket\u00e9s, kipattogz\u00e1s, megmagyar\u00e1zhatatlan foltok.<\/span><\/p>\n<ol start=\"6\">\n<li>\n<h3><b> Fel\u00fcleti maradv\u00e1nyok az ed\u00e9nyeken = lenyel\u00e9s kock\u00e1zata (f\u0151leg gyerekekn\u00e9l)<\/b><\/h3>\n<\/li>\n<\/ol>\n<p><span style=\"font-weight: 400;\">T\u00e1ny\u00e9rokon, ev\u0151eszk\u00f6z\u00f6k\u00f6n, poharakon ott maradhatnak:<\/span><span style=\"font-weight: 400;\"><br \/><\/span><span style=\"font-weight: 400;\">\u2013 fel\u00fcletakt\u00edv anyagok,<\/span><span style=\"font-weight: 400;\"><br \/><\/span><span style=\"font-weight: 400;\">\u2013 illatanyag-maradv\u00e1nyok,<\/span><span style=\"font-weight: 400;\"><br \/><\/span><span style=\"font-weight: 400;\">\u2013 konzerv\u00e1l\u00f3 szerek.<\/span><span style=\"font-weight: 400;\"><br \/><\/span><span style=\"font-weight: 400;\">A gyerekek tests\u00falyar\u00e1nyosan 2\u20133\u00d7 \u00e9rz\u00e9kenyebbek.<\/span><\/p>\n<ol start=\"7\">\n<li>\n<h3><b> Hormonk\u00e1ros\u00edt\u00f3 (endokrin diszruptor) vegy\u00fcletek kibocs\u00e1t\u00e1sa<\/b><\/h3>\n<\/li>\n<\/ol>\n<p><span style=\"font-weight: 400;\">Sok illatanyag \u00e9s old\u00f3szer a kutat\u00e1sok szerint hormonzavart okozhat.<\/span><span style=\"font-weight: 400;\"><br \/><\/span><span style=\"font-weight: 400;\">T\u00e1rs\u00edthat\u00f3: pajzsmirigy-probl\u00e9m\u00e1k, menstru\u00e1ci\u00f3s zavarok, term\u00e9kenys\u00e9gi k\u00e9rd\u00e9sek.<\/span><\/p>\n<ol start=\"8\">\n<li>\n<h3><b> Idegrendszeri t\u00fcnetek (neurotoxicit\u00e1s)<\/b><\/h3>\n<\/li>\n<\/ol>\n<p><span style=\"font-weight: 400;\">Bizonyos VOC-k \u00f6sszef\u00fcgg\u00e9sbe hozhat\u00f3k:<\/span><span style=\"font-weight: 400;\"><br \/><\/span><span style=\"font-weight: 400;\">\u2013 fejf\u00e1j\u00e1ssal,<\/span><span style=\"font-weight: 400;\"><br \/><\/span><span style=\"font-weight: 400;\">\u2013 f\u00e1radts\u00e1ggal,<\/span><span style=\"font-weight: 400;\"><br \/><\/span><span style=\"font-weight: 400;\">\u2013 \u201ebrain foggal\u201d,<\/span><span style=\"font-weight: 400;\"><br \/><\/span><span style=\"font-weight: 400;\">\u2013 koncentr\u00e1ci\u00f3s neh\u00e9zs\u00e9gekkel.<\/span><span style=\"font-weight: 400;\"><br \/><\/span><span style=\"font-weight: 400;\">A pang\u00f3 leveg\u0151 s\u00falyosb\u00edtja ezeket.<\/span><\/p>\n<ol start=\"9\">\n<li>\n<h3><b> A tiszt\u00edt\u00f3szerek kever\u00e9se vesz\u00e9lyes m\u00e1sodlagos szennyez\u0151ket hozhat l\u00e9tre<\/b><\/h3>\n<\/li>\n<\/ol>\n<p><span style=\"font-weight: 400;\">K\u00fcl\u00f6n\u00f6sen: feh\u00e9r\u00edt\u0151 + illatanyagok \u2192 formaldehid<\/span><span style=\"font-weight: 400;\"><br \/><\/span><span style=\"font-weight: 400;\">Ez egy er\u0151s irrit\u00e1ns, amely azonnali t\u00fcneteket okozhat.<\/span><\/p>\n<ol start=\"10\">\n<li>\n<h3><b> Gyerekekre k\u00fcl\u00f6n\u00f6sen vesz\u00e9lyes \u2192 t\u00f6bbet l\u00e9legeznek be<\/b><\/h3>\n<\/li>\n<\/ol>\n<p><span style=\"font-weight: 400;\">A gyerekek:<\/span><span style=\"font-weight: 400;\"><br \/><\/span><span style=\"font-weight: 400;\">\u2013 gyorsabban l\u00e9legeznek,<\/span><span style=\"font-weight: 400;\"><br \/><\/span><span style=\"font-weight: 400;\">\u2013 k\u00f6zelebb vannak a talajhoz, ahol t\u00f6bb vegyi r\u00e9szecske gy\u0171lik,<\/span><span style=\"font-weight: 400;\"><br \/><\/span><span style=\"font-weight: 400;\">\u2013 r\u00e1ad\u00e1sul sokat j\u00e1tszanak a padl\u00f3n \u2192 b\u0151rkontaktus + bel\u00e9gz\u00e9s egy\u00fctt.<\/span><\/p>\n<h2><b>A test\u00fcnk mindent sz\u00e1mon tart &#8211; \u00e9s nem felejt!<\/b><\/h2>\n<p><span style=\"font-weight: 400;\">Lehet, hogy csak enyh\u00e9n kapar a torkod, vagy sz\u00far az orrod takar\u00edt\u00e1s ut\u00e1n.<\/span><span style=\"font-weight: 400;\"><br \/><\/span><span style=\"font-weight: 400;\">De a szervezet ezt nem felejti el: a vegyi anyagok <\/span><b>apr\u00e1nk\u00e9nt felhalmoz\u00f3dnak<\/b><span style=\"font-weight: 400;\">.<\/span><span style=\"font-weight: 400;\"><br \/><\/span><span style=\"font-weight: 400;\">\u00c9s amikor \u201ebetelik a poh\u00e1r\u201d, megjelennek a t\u00fcnetek: f\u00e1rad\u00e9konys\u00e1g, fejf\u00e1j\u00e1s, b\u0151rirrit\u00e1ci\u00f3, allergi\u00e1s reakci\u00f3k, l\u00e9gz\u00e9si panaszok.<\/span><\/p>\n<p><span style=\"font-weight: 400;\">A probl\u00e9ma nem az egyszeri haszn\u00e1latban rejlik \u2013 hanem abban, hogy <\/span><b>ezer apr\u00f3 cseppb\u0151l lesz a t\u00falcsordul\u00f3 poh\u00e1r.<\/b><\/p>\n<h2><b>\ud83d\udc9a<\/b> <b>A term\u00e9szet v\u00e1lasza: val\u00f3di tisztas\u00e1g, irrit\u00e1l\u00f3 vegyszerek n\u00e9lk\u00fcl<\/b><\/h2>\n<p><b>A k\u00f6vetkeztet\u00e9st levonhatjuk:<\/b><span style=\"font-weight: 400;\"> a val\u00f3di tisztas\u00e1g nem az illatt\u00f3l f\u00fcgg, hanem att\u00f3l, hogy mi marad ut\u00e1na.<\/span><\/p>\n<p><span style=\"font-weight: 400;\">A n\u00f6v\u00e9nyi alap\u00fa, 100%-ban leboml\u00f3, toxikus vegy\u00fcletekt\u0151l mentes tiszt\u00edt\u00f3szerek nem csak a k\u00f6rnyezetet, hanem a testedet is k\u00edm\u00e9lik.<\/span><\/p>\n<p><b>Az ECOlife term\u00e9kek \u00e9s az egyedi REFILL rendszer<\/b><span style=\"font-weight: 400;\">, amelyek a <\/span><b>Green Brand Slovakia<\/b><span style=\"font-weight: 400;\"> nemzetk\u00f6zi min\u0151s\u00edt\u00e9ssel rendelkeznek lehet\u0151v\u00e9 teszik, hogy: mindezeket teljesen lereduk\u00e1ld a minimumra, \u00e9s biztons\u00e1gban tudd magad \u00e9s a csal\u00e1dod.<\/span><\/p>\n<p><span style=\"font-weight: 400;\">Teh\u00e1t hogy:<\/span><\/p>\n<p><span style=\"font-weight: 400;\">\ud83c\udf3f<\/span><span style=\"font-weight: 400;\"> kevesebb hullad\u00e9kot termelj<\/span><span style=\"font-weight: 400;\"><br \/><\/span><span style=\"font-weight: 400;\">\ud83c\udf3f<\/span><span style=\"font-weight: 400;\"> \u00e9s hossz\u00fa t\u00e1von eg\u00e9szs\u00e9gesebb otthonban \u00e9lj<\/span><\/p>","protected":false},"excerpt":{"rendered":"","protected":false},"author":5,"featured_media":6042,"comment_status":"closed","ping_status":"closed","sticky":false,"template":"","format":"standard","meta":{"footnotes":""},"categories":[16],"tags":[],"class_list":["post-6046","post","type-post","status-publish","format-standard","has-post-thumbnail","hentry","category-blog"],"yoast_head":"<!-- This site is optimized with the Yoast SEO plugin v26.8 - https:\/\/yoast.com\/product\/yoast-seo-wordpress\/ -->\n<title>\ud83c\udf42 \u0150sszel, m\u00e1r az otthon meleg\u00e9re v\u00e1gyunk - a tiszta otthonra a leveg\u0151 friss illat\u00e1ra, de vajon igaz\u00e1n tiszta e a leveg\u0151, vagy csak a vegyszerek illatos felh\u0151j\u00e9t \u201e\u00e9lvezz\u00fck\u201d? - EcoLIFE<\/title>\n<meta name=\"robots\" content=\"index, follow, max-snippet:-1, max-image-preview:large, max-video-preview:-1\" \/>\n<link rel=\"canonical\" href=\"https:\/\/www.ecolife.bio\/hu\/blog\/az-osz-bekoszont-es-vele-egyutt-bekoltozunk-a-negy-fal-koze\/\" \/>\n<meta property=\"og:locale\" content=\"hu_HU\" \/>\n<meta property=\"og:type\" content=\"article\" \/>\n<meta property=\"og:title\" content=\"\ud83c\udf42 \u0150sszel, m\u00e1r az otthon meleg\u00e9re v\u00e1gyunk - a tiszta otthonra a leveg\u0151 friss illat\u00e1ra, de vajon igaz\u00e1n tiszta e a leveg\u0151, vagy csak a vegyszerek illatos felh\u0151j\u00e9t \u201e\u00e9lvezz\u00fck\u201d? - EcoLIFE\" \/>\n<meta property=\"og:url\" content=\"https:\/\/www.ecolife.bio\/hu\/blog\/az-osz-bekoszont-es-vele-egyutt-bekoltozunk-a-negy-fal-koze\/\" \/>\n<meta property=\"og:site_name\" content=\"EcoLIFE\" \/>\n<meta property=\"article:published_time\" content=\"2025-11-19T14:08:54+00:00\" \/>\n<meta property=\"article:modified_time\" content=\"2025-11-19T14:22:24+00:00\" \/>\n<meta property=\"og:image\" content=\"https:\/\/escbfekz6y3.exactdn.com\/wp-content\/uploads\/2025\/11\/blog2025osz.jpg?strip=all&lossy=1&ssl=1\" \/>\n\t<meta property=\"og:image:width\" content=\"1536\" \/>\n\t<meta property=\"og:image:height\" content=\"1024\" \/>\n\t<meta property=\"og:image:type\" content=\"image\/jpeg\" \/>\n<meta name=\"author\" content=\"ECOlife\" \/>\n<meta name=\"twitter:card\" content=\"summary_large_image\" \/>\n<meta name=\"twitter:label1\" content=\"Szerz\u0151:\" \/>\n\t<meta name=\"twitter:data1\" content=\"ECOlife\" \/>\n\t<meta name=\"twitter:label2\" content=\"Becs\u00fclt olvas\u00e1si id\u0151\" \/>\n\t<meta name=\"twitter:data2\" content=\"5 perc\" \/>\n<script type=\"application\/ld+json\" class=\"yoast-schema-graph\">{\"@context\":\"https:\/\/schema.org\",\"@graph\":[{\"@type\":\"Article\",\"@id\":\"https:\/\/www.ecolife.bio\/hu\/blog\/az-osz-bekoszont-es-vele-egyutt-bekoltozunk-a-negy-fal-koze\/#article\",\"isPartOf\":{\"@id\":\"https:\/\/www.ecolife.bio\/hu\/blog\/az-osz-bekoszont-es-vele-egyutt-bekoltozunk-a-negy-fal-koze\/\"},\"author\":{\"name\":\"ECOlife\",\"@id\":\"https:\/\/www.ecolife.bio\/#\/schema\/person\/be2af9bdce1ebb16fad93486edabfec6\"},\"headline\":\"\ud83c\udf42 \u0150sszel, m\u00e1r az otthon meleg\u00e9re v\u00e1gyunk &#8211; a tiszta otthonra a leveg\u0151 friss illat\u00e1ra, de vajon igaz\u00e1n tiszta e a leveg\u0151, vagy csak a vegyszerek illatos felh\u0151j\u00e9t \u201e\u00e9lvezz\u00fck\u201d?\",\"datePublished\":\"2025-11-19T14:08:54+00:00\",\"dateModified\":\"2025-11-19T14:22:24+00:00\",\"mainEntityOfPage\":{\"@id\":\"https:\/\/www.ecolife.bio\/hu\/blog\/az-osz-bekoszont-es-vele-egyutt-bekoltozunk-a-negy-fal-koze\/\"},\"wordCount\":1081,\"publisher\":{\"@id\":\"https:\/\/www.ecolife.bio\/#organization\"},\"image\":{\"@id\":\"https:\/\/www.ecolife.bio\/hu\/blog\/az-osz-bekoszont-es-vele-egyutt-bekoltozunk-a-negy-fal-koze\/#primaryimage\"},\"thumbnailUrl\":\"https:\/\/escbfekz6y3.exactdn.com\/wp-content\/uploads\/2025\/11\/blog2025osz.jpg?strip=all\",\"articleSection\":[\"Blog (HU)\"],\"inLanguage\":\"hu\"},{\"@type\":\"WebPage\",\"@id\":\"https:\/\/www.ecolife.bio\/hu\/blog\/az-osz-bekoszont-es-vele-egyutt-bekoltozunk-a-negy-fal-koze\/\",\"url\":\"https:\/\/www.ecolife.bio\/hu\/blog\/az-osz-bekoszont-es-vele-egyutt-bekoltozunk-a-negy-fal-koze\/\",\"name\":\"\ud83c\udf42 \u0150sszel, m\u00e1r az otthon meleg\u00e9re v\u00e1gyunk - a tiszta otthonra a leveg\u0151 friss illat\u00e1ra, de vajon igaz\u00e1n tiszta e a leveg\u0151, vagy csak a vegyszerek illatos felh\u0151j\u00e9t \u201e\u00e9lvezz\u00fck\u201d? - EcoLIFE\",\"isPartOf\":{\"@id\":\"https:\/\/www.ecolife.bio\/#website\"},\"primaryImageOfPage\":{\"@id\":\"https:\/\/www.ecolife.bio\/hu\/blog\/az-osz-bekoszont-es-vele-egyutt-bekoltozunk-a-negy-fal-koze\/#primaryimage\"},\"image\":{\"@id\":\"https:\/\/www.ecolife.bio\/hu\/blog\/az-osz-bekoszont-es-vele-egyutt-bekoltozunk-a-negy-fal-koze\/#primaryimage\"},\"thumbnailUrl\":\"https:\/\/escbfekz6y3.exactdn.com\/wp-content\/uploads\/2025\/11\/blog2025osz.jpg?strip=all\",\"datePublished\":\"2025-11-19T14:08:54+00:00\",\"dateModified\":\"2025-11-19T14:22:24+00:00\",\"breadcrumb\":{\"@id\":\"https:\/\/www.ecolife.bio\/hu\/blog\/az-osz-bekoszont-es-vele-egyutt-bekoltozunk-a-negy-fal-koze\/#breadcrumb\"},\"inLanguage\":\"hu\",\"potentialAction\":[{\"@type\":\"ReadAction\",\"target\":[\"https:\/\/www.ecolife.bio\/hu\/blog\/az-osz-bekoszont-es-vele-egyutt-bekoltozunk-a-negy-fal-koze\/\"]}]},{\"@type\":\"ImageObject\",\"inLanguage\":\"hu\",\"@id\":\"https:\/\/www.ecolife.bio\/hu\/blog\/az-osz-bekoszont-es-vele-egyutt-bekoltozunk-a-negy-fal-koze\/#primaryimage\",\"url\":\"https:\/\/escbfekz6y3.exactdn.com\/wp-content\/uploads\/2025\/11\/blog2025osz.jpg?strip=all\",\"contentUrl\":\"https:\/\/escbfekz6y3.exactdn.com\/wp-content\/uploads\/2025\/11\/blog2025osz.jpg?strip=all\",\"width\":1536,\"height\":1024,\"caption\":\"Blog oszi otthon melege\"},{\"@type\":\"BreadcrumbList\",\"@id\":\"https:\/\/www.ecolife.bio\/hu\/blog\/az-osz-bekoszont-es-vele-egyutt-bekoltozunk-a-negy-fal-koze\/#breadcrumb\",\"itemListElement\":[{\"@type\":\"ListItem\",\"position\":1,\"name\":\"Domovsk\u00e1 str\u00e1nka\",\"item\":\"https:\/\/www.ecolife.bio\/hu\/\"},{\"@type\":\"ListItem\",\"position\":2,\"name\":\"\ud83c\udf42 \u0150sszel, m\u00e1r az otthon meleg\u00e9re v\u00e1gyunk &#8211; a tiszta otthonra a leveg\u0151 friss illat\u00e1ra, de vajon igaz\u00e1n tiszta e a leveg\u0151, vagy csak a vegyszerek illatos felh\u0151j\u00e9t \u201e\u00e9lvezz\u00fck\u201d?\"}]},{\"@type\":\"WebSite\",\"@id\":\"https:\/\/www.ecolife.bio\/#website\",\"url\":\"https:\/\/www.ecolife.bio\/\",\"name\":\"EcoLIFE\",\"description\":\"For an Eco-Friendly Planet\",\"publisher\":{\"@id\":\"https:\/\/www.ecolife.bio\/#organization\"},\"potentialAction\":[{\"@type\":\"SearchAction\",\"target\":{\"@type\":\"EntryPoint\",\"urlTemplate\":\"https:\/\/www.ecolife.bio\/?s={search_term_string}\"},\"query-input\":{\"@type\":\"PropertyValueSpecification\",\"valueRequired\":true,\"valueName\":\"search_term_string\"}}],\"inLanguage\":\"hu\"},{\"@type\":\"Organization\",\"@id\":\"https:\/\/www.ecolife.bio\/#organization\",\"name\":\"ECOlife.bio\",\"url\":\"https:\/\/www.ecolife.bio\/\",\"logo\":{\"@type\":\"ImageObject\",\"inLanguage\":\"hu\",\"@id\":\"https:\/\/www.ecolife.bio\/#\/schema\/logo\/image\/\",\"url\":\"https:\/\/escbfekz6y3.exactdn.com\/wp-content\/uploads\/2022\/03\/ecolife_logo_final.png?strip=all\",\"contentUrl\":\"https:\/\/escbfekz6y3.exactdn.com\/wp-content\/uploads\/2022\/03\/ecolife_logo_final.png?strip=all\",\"width\":500,\"height\":500,\"caption\":\"ECOlife.bio\"},\"image\":{\"@id\":\"https:\/\/www.ecolife.bio\/#\/schema\/logo\/image\/\"}},{\"@type\":\"Person\",\"@id\":\"https:\/\/www.ecolife.bio\/#\/schema\/person\/be2af9bdce1ebb16fad93486edabfec6\",\"name\":\"ECOlife\",\"image\":{\"@type\":\"ImageObject\",\"inLanguage\":\"hu\",\"@id\":\"https:\/\/www.ecolife.bio\/#\/schema\/person\/image\/\",\"url\":\"https:\/\/secure.gravatar.com\/avatar\/ff779646d61a87e0e97153fd66cbe1ef?s=96&d=mm&r=g\",\"contentUrl\":\"https:\/\/secure.gravatar.com\/avatar\/ff779646d61a87e0e97153fd66cbe1ef?s=96&d=mm&r=g\",\"caption\":\"ECOlife\"},\"url\":\"https:\/\/www.ecolife.bio\/hu\/blog\/author\/ecolife\/\"}]}<\/script>\n<!-- \/ Yoast SEO plugin. -->","yoast_head_json":{"title":"\ud83c\udf42 \u0150sszel, m\u00e1r az otthon meleg\u00e9re v\u00e1gyunk - a tiszta otthonra a leveg\u0151 friss illat\u00e1ra, de vajon igaz\u00e1n tiszta e a leveg\u0151, vagy csak a vegyszerek illatos felh\u0151j\u00e9t \u201e\u00e9lvezz\u00fck\u201d? - EcoLIFE","robots":{"index":"index","follow":"follow","max-snippet":"max-snippet:-1","max-image-preview":"max-image-preview:large","max-video-preview":"max-video-preview:-1"},"canonical":"https:\/\/www.ecolife.bio\/hu\/blog\/az-osz-bekoszont-es-vele-egyutt-bekoltozunk-a-negy-fal-koze\/","og_locale":"hu_HU","og_type":"article","og_title":"\ud83c\udf42 \u0150sszel, m\u00e1r az otthon meleg\u00e9re v\u00e1gyunk - a tiszta otthonra a leveg\u0151 friss illat\u00e1ra, de vajon igaz\u00e1n tiszta e a leveg\u0151, vagy csak a vegyszerek illatos felh\u0151j\u00e9t \u201e\u00e9lvezz\u00fck\u201d? - EcoLIFE","og_url":"https:\/\/www.ecolife.bio\/hu\/blog\/az-osz-bekoszont-es-vele-egyutt-bekoltozunk-a-negy-fal-koze\/","og_site_name":"EcoLIFE","article_published_time":"2025-11-19T14:08:54+00:00","article_modified_time":"2025-11-19T14:22:24+00:00","og_image":[{"width":1536,"height":1024,"url":"https:\/\/escbfekz6y3.exactdn.com\/wp-content\/uploads\/2025\/11\/blog2025osz.jpg?strip=all&lossy=1&ssl=1","type":"image\/jpeg"}],"author":"ECOlife","twitter_card":"summary_large_image","twitter_misc":{"Szerz\u0151:":"ECOlife","Becs\u00fclt olvas\u00e1si id\u0151":"5 perc"},"schema":{"@context":"https:\/\/schema.org","@graph":[{"@type":"Article","@id":"https:\/\/www.ecolife.bio\/hu\/blog\/az-osz-bekoszont-es-vele-egyutt-bekoltozunk-a-negy-fal-koze\/#article","isPartOf":{"@id":"https:\/\/www.ecolife.bio\/hu\/blog\/az-osz-bekoszont-es-vele-egyutt-bekoltozunk-a-negy-fal-koze\/"},"author":{"name":"ECOlife","@id":"https:\/\/www.ecolife.bio\/#\/schema\/person\/be2af9bdce1ebb16fad93486edabfec6"},"headline":"\ud83c\udf42 \u0150sszel, m\u00e1r az otthon meleg\u00e9re v\u00e1gyunk &#8211; a tiszta otthonra a leveg\u0151 friss illat\u00e1ra, de vajon igaz\u00e1n tiszta e a leveg\u0151, vagy csak a vegyszerek illatos felh\u0151j\u00e9t \u201e\u00e9lvezz\u00fck\u201d?","datePublished":"2025-11-19T14:08:54+00:00","dateModified":"2025-11-19T14:22:24+00:00","mainEntityOfPage":{"@id":"https:\/\/www.ecolife.bio\/hu\/blog\/az-osz-bekoszont-es-vele-egyutt-bekoltozunk-a-negy-fal-koze\/"},"wordCount":1081,"publisher":{"@id":"https:\/\/www.ecolife.bio\/#organization"},"image":{"@id":"https:\/\/www.ecolife.bio\/hu\/blog\/az-osz-bekoszont-es-vele-egyutt-bekoltozunk-a-negy-fal-koze\/#primaryimage"},"thumbnailUrl":"https:\/\/escbfekz6y3.exactdn.com\/wp-content\/uploads\/2025\/11\/blog2025osz.jpg?strip=all","articleSection":["Blog (HU)"],"inLanguage":"hu"},{"@type":"WebPage","@id":"https:\/\/www.ecolife.bio\/hu\/blog\/az-osz-bekoszont-es-vele-egyutt-bekoltozunk-a-negy-fal-koze\/","url":"https:\/\/www.ecolife.bio\/hu\/blog\/az-osz-bekoszont-es-vele-egyutt-bekoltozunk-a-negy-fal-koze\/","name":"\ud83c\udf42 \u0150sszel, m\u00e1r az otthon meleg\u00e9re v\u00e1gyunk - a tiszta otthonra a leveg\u0151 friss illat\u00e1ra, de vajon igaz\u00e1n tiszta e a leveg\u0151, vagy csak a vegyszerek illatos felh\u0151j\u00e9t \u201e\u00e9lvezz\u00fck\u201d? - EcoLIFE","isPartOf":{"@id":"https:\/\/www.ecolife.bio\/#website"},"primaryImageOfPage":{"@id":"https:\/\/www.ecolife.bio\/hu\/blog\/az-osz-bekoszont-es-vele-egyutt-bekoltozunk-a-negy-fal-koze\/#primaryimage"},"image":{"@id":"https:\/\/www.ecolife.bio\/hu\/blog\/az-osz-bekoszont-es-vele-egyutt-bekoltozunk-a-negy-fal-koze\/#primaryimage"},"thumbnailUrl":"https:\/\/escbfekz6y3.exactdn.com\/wp-content\/uploads\/2025\/11\/blog2025osz.jpg?strip=all","datePublished":"2025-11-19T14:08:54+00:00","dateModified":"2025-11-19T14:22:24+00:00","breadcrumb":{"@id":"https:\/\/www.ecolife.bio\/hu\/blog\/az-osz-bekoszont-es-vele-egyutt-bekoltozunk-a-negy-fal-koze\/#breadcrumb"},"inLanguage":"hu","potentialAction":[{"@type":"ReadAction","target":["https:\/\/www.ecolife.bio\/hu\/blog\/az-osz-bekoszont-es-vele-egyutt-bekoltozunk-a-negy-fal-koze\/"]}]},{"@type":"ImageObject","inLanguage":"hu","@id":"https:\/\/www.ecolife.bio\/hu\/blog\/az-osz-bekoszont-es-vele-egyutt-bekoltozunk-a-negy-fal-koze\/#primaryimage","url":"https:\/\/escbfekz6y3.exactdn.com\/wp-content\/uploads\/2025\/11\/blog2025osz.jpg?strip=all","contentUrl":"https:\/\/escbfekz6y3.exactdn.com\/wp-content\/uploads\/2025\/11\/blog2025osz.jpg?strip=all","width":1536,"height":1024,"caption":"Blog oszi otthon melege"},{"@type":"BreadcrumbList","@id":"https:\/\/www.ecolife.bio\/hu\/blog\/az-osz-bekoszont-es-vele-egyutt-bekoltozunk-a-negy-fal-koze\/#breadcrumb","itemListElement":[{"@type":"ListItem","position":1,"name":"Domovsk\u00e1 str\u00e1nka","item":"https:\/\/www.ecolife.bio\/hu\/"},{"@type":"ListItem","position":2,"name":"\ud83c\udf42 \u0150sszel, m\u00e1r az otthon meleg\u00e9re v\u00e1gyunk &#8211; a tiszta otthonra a leveg\u0151 friss illat\u00e1ra, de vajon igaz\u00e1n tiszta e a leveg\u0151, vagy csak a vegyszerek illatos felh\u0151j\u00e9t \u201e\u00e9lvezz\u00fck\u201d?"}]},{"@type":"WebSite","@id":"https:\/\/www.ecolife.bio\/#website","url":"https:\/\/www.ecolife.bio\/","name":"EcoLIFE","description":"For an Eco-Friendly Planet","publisher":{"@id":"https:\/\/www.ecolife.bio\/#organization"},"potentialAction":[{"@type":"SearchAction","target":{"@type":"EntryPoint","urlTemplate":"https:\/\/www.ecolife.bio\/?s={search_term_string}"},"query-input":{"@type":"PropertyValueSpecification","valueRequired":true,"valueName":"search_term_string"}}],"inLanguage":"hu"},{"@type":"Organization","@id":"https:\/\/www.ecolife.bio\/#organization","name":"ECOlife.bio","url":"https:\/\/www.ecolife.bio\/","logo":{"@type":"ImageObject","inLanguage":"hu","@id":"https:\/\/www.ecolife.bio\/#\/schema\/logo\/image\/","url":"https:\/\/escbfekz6y3.exactdn.com\/wp-content\/uploads\/2022\/03\/ecolife_logo_final.png?strip=all","contentUrl":"https:\/\/escbfekz6y3.exactdn.com\/wp-content\/uploads\/2022\/03\/ecolife_logo_final.png?strip=all","width":500,"height":500,"caption":"ECOlife.bio"},"image":{"@id":"https:\/\/www.ecolife.bio\/#\/schema\/logo\/image\/"}},{"@type":"Person","@id":"https:\/\/www.ecolife.bio\/#\/schema\/person\/be2af9bdce1ebb16fad93486edabfec6","name":"ECOlife","image":{"@type":"ImageObject","inLanguage":"hu","@id":"https:\/\/www.ecolife.bio\/#\/schema\/person\/image\/","url":"https:\/\/secure.gravatar.com\/avatar\/ff779646d61a87e0e97153fd66cbe1ef?s=96&d=mm&r=g","contentUrl":"https:\/\/secure.gravatar.com\/avatar\/ff779646d61a87e0e97153fd66cbe1ef?s=96&d=mm&r=g","caption":"ECOlife"},"url":"https:\/\/www.ecolife.bio\/hu\/blog\/author\/ecolife\/"}]}},"_links":{"self":[{"href":"https:\/\/www.ecolife.bio\/hu\/wp-json\/wp\/v2\/posts\/6046","targetHints":{"allow":["GET"]}}],"collection":[{"href":"https:\/\/www.ecolife.bio\/hu\/wp-json\/wp\/v2\/posts"}],"about":[{"href":"https:\/\/www.ecolife.bio\/hu\/wp-json\/wp\/v2\/types\/post"}],"author":[{"embeddable":true,"href":"https:\/\/www.ecolife.bio\/hu\/wp-json\/wp\/v2\/users\/5"}],"replies":[{"embeddable":true,"href":"https:\/\/www.ecolife.bio\/hu\/wp-json\/wp\/v2\/comments?post=6046"}],"version-history":[{"count":3,"href":"https:\/\/www.ecolife.bio\/hu\/wp-json\/wp\/v2\/posts\/6046\/revisions"}],"predecessor-version":[{"id":6050,"href":"https:\/\/www.ecolife.bio\/hu\/wp-json\/wp\/v2\/posts\/6046\/revisions\/6050"}],"wp:featuredmedia":[{"embeddable":true,"href":"https:\/\/www.ecolife.bio\/hu\/wp-json\/wp\/v2\/media\/6042"}],"wp:attachment":[{"href":"https:\/\/www.ecolife.bio\/hu\/wp-json\/wp\/v2\/media?parent=6046"}],"wp:term":[{"taxonomy":"category","embeddable":true,"href":"https:\/\/www.ecolife.bio\/hu\/wp-json\/wp\/v2\/categories?post=6046"},{"taxonomy":"post_tag","embeddable":true,"href":"https:\/\/www.ecolife.bio\/hu\/wp-json\/wp\/v2\/tags?post=6046"}],"curies":[{"name":"wp","href":"https:\/\/api.w.org\/{rel}","templated":true}]}}