{"id":6111,"date":"2025-12-04T15:42:12","date_gmt":"2025-12-04T13:42:12","guid":{"rendered":"https:\/\/www.ecolife.bio\/?p=6111"},"modified":"2025-12-04T15:42:19","modified_gmt":"2025-12-04T13:42:19","slug":"a-kevesebb-neha-tobb-ugye-milyen-ismeros-miert-arthat-tehat-a-tulzasba-vitt-karacsonyi-takaritas-a-leleknek-a-testnek-es-az-otthonodnak","status":"publish","type":"post","link":"https:\/\/www.ecolife.bio\/hu\/blog\/a-kevesebb-neha-tobb-ugye-milyen-ismeros-miert-arthat-tehat-a-tulzasba-vitt-karacsonyi-takaritas-a-leleknek-a-testnek-es-az-otthonodnak\/","title":{"rendered":"A kevesebb n\u00e9ha t\u00f6bb \u2013 ugye milyen ismer\u0151s: Mi\u00e9rt \u00e1rthat teh\u00e1t a t\u00falz\u00e1sba vitt kar\u00e1csonyi takar\u00edt\u00e1s a l\u00e9leknek, a testnek \u00e9s az otthonodnak?"},"content":{"rendered":"<p><span style=\"font-weight: 400;\">A kar\u00e1csony sokunk sz\u00e1m\u00e1ra a melegs\u00e9g, az illatok, a f\u00e9nyek \u00e9s a csal\u00e1di egy\u00fcttl\u00e9t id\u0151szaka. Ugyanakkor egy csendes elv\u00e1r\u00e1st is hoz mag\u00e1val: hogy mindennek t\u00f6k\u00e9letesnek kell lennie. A konyh\u00e1nak ragyognia kell, a f\u00fcrd\u0151szob\u00e1nak illatoznia, a nappalinak hib\u00e1tlannak lenni. \u00c9s mik\u00f6zben pr\u00f3b\u00e1lunk megfelelni ennek a l\u00e1thatatlan m\u00e9rc\u00e9nek, \u00e9szrev\u00e9tlen\u00fcl t\u00falterhelj\u00fck magunkat.<\/span><\/p>\n<p><span style=\"font-weight: 400;\">Pedig a t\u00falzott igyekezet nemcsak kimer\u00edt\u0151, hanem sokszor k\u00e1ros is \u2013 testileg, lelkileg \u00e9s a lak\u00e1s term\u00e9szetes egyens\u00falya szempontj\u00e1b\u00f3l is.<\/span><\/p>\n<h2><b>Kar\u00e1csonyi perfekcionizmus: a l\u00e1thatatlan nyom\u00e1s, ami kif\u00e1raszt<\/b><span style=\"font-weight: 400;\"><br \/><\/span><\/h2>\n<p><span style=\"font-weight: 400;\">Sok n\u0151ben automatikusan bekapcsol a \u201et\u00f6k\u00e9letes \u00fcnnep\u201d \u00fczemm\u00f3d. Egy kis igaz\u00edt\u00e1s itt, egy extra s\u00farol\u00e1s ott, \u201em\u00e9g egy gyors fert\u0151tlen\u00edt\u00e9s\u201d, csak hogy minden kifog\u00e1stalan legyen. De ez az \u00e1lland\u00f3 teljes\u00edtm\u00e9nyk\u00e9nyszer sz\u00e9pen lassan kisz\u00edvja az energi\u00e1t.<\/span><\/p>\n<p><span style=\"font-weight: 400;\">A folyamatos \u201em\u00e9g ezt megcsin\u00e1lom\u201d \u00e9rz\u00e9se cs\u00f6kkenti a jelenl\u00e9t\u00fcnket, n\u00f6veli a stresszt, \u00e9s a kar\u00e1csonyt \u00f6r\u00f6m helyett feladatt\u00e1 teszi.<\/span><\/p>\n<h3><b>A t\u00falz\u00e1sba vitt takar\u00edt\u00e1s hat\u00e1sa a testre<\/b><span style=\"font-weight: 400;\"><br \/><\/span><\/h3>\n<p><span style=\"font-weight: 400;\">Kar\u00e1csony el\u0151tt sokszor er\u0151sebb, illatosabb vagy kifejezetten \u201e\u00fcnnepi tisztas\u00e1got\u201d \u00edg\u00e9r\u0151 vegyszereket haszn\u00e1lunk. Ez azonban k\u00f6nnyen megterheli a szervezetet.<\/span><\/p>\n<p><span style=\"font-weight: 400;\">A z\u00e1rt t\u00e9rben felhalmoz\u00f3d\u00f3 vegyi anyagok irrit\u00e1lhatj\u00e1k a b\u0151rt, a szemet \u00e9s a l\u00e9gutakat. Fejf\u00e1j\u00e1s, f\u00e1radts\u00e1g, k\u00f6h\u00f6g\u00e9s, b\u0151rirrit\u00e1ci\u00f3 \u2013 ezek mind lehetnek a \u201et\u00fal sok tiszt\u00edt\u00f3szer\u201d mell\u00e9khat\u00e1sai, \u00e9ppen akkor, amikor pihenni szeretn\u00e9nk.<\/span><\/p>\n<h3><b>Az otthon mikrobiomja: mi\u00e9rt nem j\u00f3 a t\u00fal sterilen tartott k\u00f6rnyezet<\/b><span style=\"font-weight: 400;\"><br \/><\/span><\/h3>\n<p><span style=\"font-weight: 400;\">A lak\u00e1snak is van mikrok\u00f6rnyezete, saj\u00e1t \u201emikrobiomja\u201d, ami nagyon hasonl\u00f3 elven m\u0171k\u00f6dik, mint az emberi szervezet\u00e9.<\/span><span style=\"font-weight: 400;\"><br \/><\/span><span style=\"font-weight: 400;\">Ha ezt a term\u00e9szetes egyens\u00falyt \u00e1lland\u00f3, er\u0151s vegyszerekkel felbor\u00edtjuk, az otthon leveg\u0151je is \u201eszeg\u00e9nyebb\u00e9\u201d v\u00e1lik.<\/span><\/p>\n<p><span style=\"font-weight: 400;\">A t\u00falz\u00e1sba vitt fert\u0151tlen\u00edt\u00e9s:<\/span><span style=\"font-weight: 400;\"><br \/><\/span><span style=\"font-weight: 400;\">\u2013 gyeng\u00edti a term\u00e9szetes v\u00e9dekez\u0151 mechanizmusokat,<\/span><span style=\"font-weight: 400;\"><br \/><\/span><span style=\"font-weight: 400;\">\u2013 kedvez az irrit\u00e1ci\u00f3knak,<\/span><span style=\"font-weight: 400;\"><br \/><\/span><span style=\"font-weight: 400;\">\u2013 rontja a leveg\u0151 min\u0151s\u00e9g\u00e9t,<\/span><span style=\"font-weight: 400;\"><br \/><\/span><span style=\"font-weight: 400;\">\u2013 \u00e9s nem hagy teret a term\u00e9szetes, eg\u00e9szs\u00e9ges mikrofl\u00f3r\u00e1nak.<\/span><\/p>\n<p><span style=\"font-weight: 400;\">Paradox m\u00f3don min\u00e9l t\u00f6bbet takar\u00edtunk nagyon er\u0151s szerekkel, ann\u00e1l \u201einstabilabb\u201d lesz az otthonunk k\u00f6rnyezete.<\/span><\/p>\n<h3><b>Tudatos, k\u00edm\u00e9letes takar\u00edt\u00e1s: a b\u00e9k\u00e9sebb \u00fcnnepek kulcsa<\/b><span style=\"font-weight: 400;\"><br \/><\/span><\/h3>\n<p><span style=\"font-weight: 400;\">A kar\u00e1csony nem a csillog\u00f3 fug\u00e1r\u00f3l, otthonr\u00f3l sz\u00f3l \u2013 hanem a jelenl\u00e9tr\u0151l. A hangulatr\u00f3l. A b\u00e9k\u00e9r\u0151l.<\/span><span style=\"font-weight: 400;\"><br \/><\/span><span style=\"font-weight: 400;\">Egy tudatosabb, finomabb takar\u00edt\u00e1s sokkal jobb v\u00e1laszt\u00e1s, mint a teljes kifacsar\u00e1s.<\/span><\/p>\n<p><span style=\"font-weight: 400;\">A tudatos takar\u00edt\u00e1s alapelvei:<\/span><span style=\"font-weight: 400;\"><br \/><\/span><span style=\"font-weight: 400;\">\u2013 kevesebb szer, jobb \u00f6sszet\u00e9tel,<\/span><span style=\"font-weight: 400;\"><br \/><\/span><span style=\"font-weight: 400;\">\u2013 rendszeress\u00e9g a felesleges \u201enagytakar\u00edt\u00e1s helyett\u201d,<\/span><span style=\"font-weight: 400;\"><br \/><\/span><span style=\"font-weight: 400;\">\u2013 term\u00e9szetes, biztons\u00e1gos tiszt\u00edt\u00f3szerek haszn\u00e1lata,<\/span><span style=\"font-weight: 400;\"><br \/><\/span><span style=\"font-weight: 400;\">\u2013 a l\u00e9gutak \u00e9s a b\u0151r v\u00e9delme,<\/span><span style=\"font-weight: 400;\"><br \/><\/span><span style=\"font-weight: 400;\">\u2013 a mikrobiom egyens\u00faly\u00e1nak meg\u0151rz\u00e9se.<\/span><\/p>\n<p><span style=\"font-weight: 400;\">A \u201et\u00f6k\u00e9letes\u201d lak\u00e1sn\u00e1l sokkal fontosabb a <\/span><i><span style=\"font-weight: 400;\">j\u00f3 \u00e9rz\u00e9s<\/span><\/i><span style=\"font-weight: 400;\">.<\/span><\/p>\n<h3><b>Mi\u00e9rt ide\u00e1lis v\u00e1laszt\u00e1s kar\u00e1csony el\u0151tt is az ECOlife?<\/b><span style=\"font-weight: 400;\"><br \/><\/span><\/h3>\n<p><span style=\"font-weight: 400;\">Az ECOlife term\u00e9kek term\u00e9szetes, n\u00f6v\u00e9nyi alap\u00fa \u00f6sszet\u00e9tellel k\u00e9sz\u00fclnek,<\/span><span style=\"font-weight: 400;\"><br \/><\/span><span style=\"font-weight: 400;\">\u00edgy nem terhelik t\u00fal a b\u0151rt, a leveg\u0151t vagy a lak\u00e1s mikrobiomj\u00e1t.<\/span><\/p>\n<p><span style=\"font-weight: 400;\">Mit kapsz vel\u00fck?<\/span><span style=\"font-weight: 400;\"><br \/><\/span><span style=\"font-weight: 400;\">\u2013 tisztas\u00e1got vegyszert\u00falz\u00e1s n\u00e9lk\u00fcl,<\/span><span style=\"font-weight: 400;\"><br \/><\/span><span style=\"font-weight: 400;\">\u2013 finom, term\u00e9szetes illatokat, er\u0151s parf\u00fcm\u00f6k n\u00e9lk\u00fcl,<\/span><span style=\"font-weight: 400;\"><br \/><\/span><span style=\"font-weight: 400;\">\u2013 k\u00edm\u00e9letet a k\u00e9znek \u00e9s a ruh\u00e1knak,<\/span><span style=\"font-weight: 400;\"><br \/><\/span><span style=\"font-weight: 400;\">\u2013 biztons\u00e1got gyerek \u00e9s h\u00e1zi\u00e1llat mellett is,<\/span><span style=\"font-weight: 400;\"><br \/><\/span><span style=\"font-weight: 400;\">\u2013 egy sokkal eg\u00e9szs\u00e9gesebb, \u201el\u00e9legz\u0151\u201d otthont.<\/span><\/p>\n<p><span style=\"font-weight: 400;\">A kar\u00e1csony nem a makul\u00e1tlan tisztas\u00e1gr\u00f3l kell, hogy sz\u00f3ljon.<\/span><span style=\"font-weight: 400;\"><br \/><\/span><span style=\"font-weight: 400;\">Arra figyelj\u00fcnk ink\u00e1bb, ami az igazi \u00e9rt\u00e9ke,\u00a0 hogy egy\u00fctt lehet\u00fcnk, nem tudni meddig. Hogy b\u00e9ke \u00e9s nyugalom legyen a sz\u00edv\u00fcnkben.<\/span><span style=\"font-weight: 400;\"><br \/><\/span><span style=\"font-weight: 400;\">Legyen id\u0151 egy mosolyra, egy \u00f6lel\u00e9sre, egy te\u00e1ra.<\/span><\/p>\n<p><span style=\"font-weight: 400;\">A kevesebb n\u00e9ha t\u00e9nyleg t\u00f6bb \u2013 \u00e9s kar\u00e1csonykor k\u00fcl\u00f6n\u00f6sen igaz.<\/span><\/p>","protected":false},"excerpt":{"rendered":"","protected":false},"author":5,"featured_media":6115,"comment_status":"closed","ping_status":"closed","sticky":false,"template":"","format":"standard","meta":{"footnotes":""},"categories":[16],"tags":[],"class_list":["post-6111","post","type-post","status-publish","format-standard","has-post-thumbnail","hentry","category-blog"],"yoast_head":"<!-- This site is optimized with the Yoast SEO plugin v26.8 - https:\/\/yoast.com\/product\/yoast-seo-wordpress\/ -->\n<title>A kevesebb n\u00e9ha t\u00f6bb \u2013 ugye milyen ismer\u0151s: Mi\u00e9rt \u00e1rthat teh\u00e1t a t\u00falz\u00e1sba vitt kar\u00e1csonyi takar\u00edt\u00e1s a l\u00e9leknek, a testnek \u00e9s az otthonodnak? - EcoLIFE<\/title>\n<meta name=\"robots\" content=\"index, follow, max-snippet:-1, max-image-preview:large, max-video-preview:-1\" \/>\n<link rel=\"canonical\" href=\"https:\/\/www.ecolife.bio\/hu\/blog\/a-kevesebb-neha-tobb-ugye-milyen-ismeros-miert-arthat-tehat-a-tulzasba-vitt-karacsonyi-takaritas-a-leleknek-a-testnek-es-az-otthonodnak\/\" \/>\n<meta property=\"og:locale\" content=\"hu_HU\" \/>\n<meta property=\"og:type\" content=\"article\" \/>\n<meta property=\"og:title\" content=\"A kevesebb n\u00e9ha t\u00f6bb \u2013 ugye milyen ismer\u0151s: Mi\u00e9rt \u00e1rthat teh\u00e1t a t\u00falz\u00e1sba vitt kar\u00e1csonyi takar\u00edt\u00e1s a l\u00e9leknek, a testnek \u00e9s az otthonodnak? - EcoLIFE\" \/>\n<meta property=\"og:url\" content=\"https:\/\/www.ecolife.bio\/hu\/blog\/a-kevesebb-neha-tobb-ugye-milyen-ismeros-miert-arthat-tehat-a-tulzasba-vitt-karacsonyi-takaritas-a-leleknek-a-testnek-es-az-otthonodnak\/\" \/>\n<meta property=\"og:site_name\" content=\"EcoLIFE\" \/>\n<meta property=\"article:published_time\" content=\"2025-12-04T13:42:12+00:00\" \/>\n<meta property=\"article:modified_time\" content=\"2025-12-04T13:42:19+00:00\" \/>\n<meta property=\"og:image\" content=\"https:\/\/escbfekz6y3.exactdn.com\/wp-content\/uploads\/2025\/12\/BLOG_DEC_7_HU.jpg?strip=all&lossy=1&ssl=1\" \/>\n\t<meta property=\"og:image:width\" content=\"1536\" \/>\n\t<meta property=\"og:image:height\" content=\"1024\" \/>\n\t<meta property=\"og:image:type\" content=\"image\/jpeg\" \/>\n<meta name=\"author\" content=\"ECOlife\" \/>\n<meta name=\"twitter:card\" content=\"summary_large_image\" \/>\n<meta name=\"twitter:label1\" content=\"Szerz\u0151:\" \/>\n\t<meta name=\"twitter:data1\" content=\"ECOlife\" \/>\n\t<meta name=\"twitter:label2\" content=\"Becs\u00fclt olvas\u00e1si id\u0151\" \/>\n\t<meta name=\"twitter:data2\" content=\"3 perc\" \/>\n<script type=\"application\/ld+json\" class=\"yoast-schema-graph\">{\"@context\":\"https:\/\/schema.org\",\"@graph\":[{\"@type\":\"Article\",\"@id\":\"https:\/\/www.ecolife.bio\/hu\/blog\/a-kevesebb-neha-tobb-ugye-milyen-ismeros-miert-arthat-tehat-a-tulzasba-vitt-karacsonyi-takaritas-a-leleknek-a-testnek-es-az-otthonodnak\/#article\",\"isPartOf\":{\"@id\":\"https:\/\/www.ecolife.bio\/hu\/blog\/a-kevesebb-neha-tobb-ugye-milyen-ismeros-miert-arthat-tehat-a-tulzasba-vitt-karacsonyi-takaritas-a-leleknek-a-testnek-es-az-otthonodnak\/\"},\"author\":{\"name\":\"ECOlife\",\"@id\":\"https:\/\/www.ecolife.bio\/#\/schema\/person\/be2af9bdce1ebb16fad93486edabfec6\"},\"headline\":\"A kevesebb n\u00e9ha t\u00f6bb \u2013 ugye milyen ismer\u0151s: Mi\u00e9rt \u00e1rthat teh\u00e1t a t\u00falz\u00e1sba vitt kar\u00e1csonyi takar\u00edt\u00e1s a l\u00e9leknek, a testnek \u00e9s az otthonodnak?\",\"datePublished\":\"2025-12-04T13:42:12+00:00\",\"dateModified\":\"2025-12-04T13:42:19+00:00\",\"mainEntityOfPage\":{\"@id\":\"https:\/\/www.ecolife.bio\/hu\/blog\/a-kevesebb-neha-tobb-ugye-milyen-ismeros-miert-arthat-tehat-a-tulzasba-vitt-karacsonyi-takaritas-a-leleknek-a-testnek-es-az-otthonodnak\/\"},\"wordCount\":719,\"publisher\":{\"@id\":\"https:\/\/www.ecolife.bio\/#organization\"},\"image\":{\"@id\":\"https:\/\/www.ecolife.bio\/hu\/blog\/a-kevesebb-neha-tobb-ugye-milyen-ismeros-miert-arthat-tehat-a-tulzasba-vitt-karacsonyi-takaritas-a-leleknek-a-testnek-es-az-otthonodnak\/#primaryimage\"},\"thumbnailUrl\":\"https:\/\/escbfekz6y3.exactdn.com\/wp-content\/uploads\/2025\/12\/BLOG_DEC_7_HU.jpg?strip=all\",\"articleSection\":[\"Blog (HU)\"],\"inLanguage\":\"hu\"},{\"@type\":\"WebPage\",\"@id\":\"https:\/\/www.ecolife.bio\/hu\/blog\/a-kevesebb-neha-tobb-ugye-milyen-ismeros-miert-arthat-tehat-a-tulzasba-vitt-karacsonyi-takaritas-a-leleknek-a-testnek-es-az-otthonodnak\/\",\"url\":\"https:\/\/www.ecolife.bio\/hu\/blog\/a-kevesebb-neha-tobb-ugye-milyen-ismeros-miert-arthat-tehat-a-tulzasba-vitt-karacsonyi-takaritas-a-leleknek-a-testnek-es-az-otthonodnak\/\",\"name\":\"A kevesebb n\u00e9ha t\u00f6bb \u2013 ugye milyen ismer\u0151s: Mi\u00e9rt \u00e1rthat teh\u00e1t a t\u00falz\u00e1sba vitt kar\u00e1csonyi takar\u00edt\u00e1s a l\u00e9leknek, a testnek \u00e9s az otthonodnak? - EcoLIFE\",\"isPartOf\":{\"@id\":\"https:\/\/www.ecolife.bio\/#website\"},\"primaryImageOfPage\":{\"@id\":\"https:\/\/www.ecolife.bio\/hu\/blog\/a-kevesebb-neha-tobb-ugye-milyen-ismeros-miert-arthat-tehat-a-tulzasba-vitt-karacsonyi-takaritas-a-leleknek-a-testnek-es-az-otthonodnak\/#primaryimage\"},\"image\":{\"@id\":\"https:\/\/www.ecolife.bio\/hu\/blog\/a-kevesebb-neha-tobb-ugye-milyen-ismeros-miert-arthat-tehat-a-tulzasba-vitt-karacsonyi-takaritas-a-leleknek-a-testnek-es-az-otthonodnak\/#primaryimage\"},\"thumbnailUrl\":\"https:\/\/escbfekz6y3.exactdn.com\/wp-content\/uploads\/2025\/12\/BLOG_DEC_7_HU.jpg?strip=all\",\"datePublished\":\"2025-12-04T13:42:12+00:00\",\"dateModified\":\"2025-12-04T13:42:19+00:00\",\"breadcrumb\":{\"@id\":\"https:\/\/www.ecolife.bio\/hu\/blog\/a-kevesebb-neha-tobb-ugye-milyen-ismeros-miert-arthat-tehat-a-tulzasba-vitt-karacsonyi-takaritas-a-leleknek-a-testnek-es-az-otthonodnak\/#breadcrumb\"},\"inLanguage\":\"hu\",\"potentialAction\":[{\"@type\":\"ReadAction\",\"target\":[\"https:\/\/www.ecolife.bio\/hu\/blog\/a-kevesebb-neha-tobb-ugye-milyen-ismeros-miert-arthat-tehat-a-tulzasba-vitt-karacsonyi-takaritas-a-leleknek-a-testnek-es-az-otthonodnak\/\"]}]},{\"@type\":\"ImageObject\",\"inLanguage\":\"hu\",\"@id\":\"https:\/\/www.ecolife.bio\/hu\/blog\/a-kevesebb-neha-tobb-ugye-milyen-ismeros-miert-arthat-tehat-a-tulzasba-vitt-karacsonyi-takaritas-a-leleknek-a-testnek-es-az-otthonodnak\/#primaryimage\",\"url\":\"https:\/\/escbfekz6y3.exactdn.com\/wp-content\/uploads\/2025\/12\/BLOG_DEC_7_HU.jpg?strip=all\",\"contentUrl\":\"https:\/\/escbfekz6y3.exactdn.com\/wp-content\/uploads\/2025\/12\/BLOG_DEC_7_HU.jpg?strip=all\",\"width\":1536,\"height\":1024,\"caption\":\"A kevesebb n\u00e9ha t\u00f6bb - blog\"},{\"@type\":\"BreadcrumbList\",\"@id\":\"https:\/\/www.ecolife.bio\/hu\/blog\/a-kevesebb-neha-tobb-ugye-milyen-ismeros-miert-arthat-tehat-a-tulzasba-vitt-karacsonyi-takaritas-a-leleknek-a-testnek-es-az-otthonodnak\/#breadcrumb\",\"itemListElement\":[{\"@type\":\"ListItem\",\"position\":1,\"name\":\"Domovsk\u00e1 str\u00e1nka\",\"item\":\"https:\/\/www.ecolife.bio\/hu\/\"},{\"@type\":\"ListItem\",\"position\":2,\"name\":\"A kevesebb n\u00e9ha t\u00f6bb \u2013 ugye milyen ismer\u0151s: Mi\u00e9rt \u00e1rthat teh\u00e1t a t\u00falz\u00e1sba vitt kar\u00e1csonyi takar\u00edt\u00e1s a l\u00e9leknek, a testnek \u00e9s az otthonodnak?\"}]},{\"@type\":\"WebSite\",\"@id\":\"https:\/\/www.ecolife.bio\/#website\",\"url\":\"https:\/\/www.ecolife.bio\/\",\"name\":\"EcoLIFE\",\"description\":\"For an Eco-Friendly Planet\",\"publisher\":{\"@id\":\"https:\/\/www.ecolife.bio\/#organization\"},\"potentialAction\":[{\"@type\":\"SearchAction\",\"target\":{\"@type\":\"EntryPoint\",\"urlTemplate\":\"https:\/\/www.ecolife.bio\/?s={search_term_string}\"},\"query-input\":{\"@type\":\"PropertyValueSpecification\",\"valueRequired\":true,\"valueName\":\"search_term_string\"}}],\"inLanguage\":\"hu\"},{\"@type\":\"Organization\",\"@id\":\"https:\/\/www.ecolife.bio\/#organization\",\"name\":\"ECOlife.bio\",\"url\":\"https:\/\/www.ecolife.bio\/\",\"logo\":{\"@type\":\"ImageObject\",\"inLanguage\":\"hu\",\"@id\":\"https:\/\/www.ecolife.bio\/#\/schema\/logo\/image\/\",\"url\":\"https:\/\/escbfekz6y3.exactdn.com\/wp-content\/uploads\/2022\/03\/ecolife_logo_final.png?strip=all\",\"contentUrl\":\"https:\/\/escbfekz6y3.exactdn.com\/wp-content\/uploads\/2022\/03\/ecolife_logo_final.png?strip=all\",\"width\":500,\"height\":500,\"caption\":\"ECOlife.bio\"},\"image\":{\"@id\":\"https:\/\/www.ecolife.bio\/#\/schema\/logo\/image\/\"}},{\"@type\":\"Person\",\"@id\":\"https:\/\/www.ecolife.bio\/#\/schema\/person\/be2af9bdce1ebb16fad93486edabfec6\",\"name\":\"ECOlife\",\"image\":{\"@type\":\"ImageObject\",\"inLanguage\":\"hu\",\"@id\":\"https:\/\/www.ecolife.bio\/#\/schema\/person\/image\/\",\"url\":\"https:\/\/secure.gravatar.com\/avatar\/ff779646d61a87e0e97153fd66cbe1ef?s=96&d=mm&r=g\",\"contentUrl\":\"https:\/\/secure.gravatar.com\/avatar\/ff779646d61a87e0e97153fd66cbe1ef?s=96&d=mm&r=g\",\"caption\":\"ECOlife\"},\"url\":\"https:\/\/www.ecolife.bio\/hu\/blog\/author\/ecolife\/\"}]}<\/script>\n<!-- \/ Yoast SEO plugin. -->","yoast_head_json":{"title":"A kevesebb n\u00e9ha t\u00f6bb \u2013 ugye milyen ismer\u0151s: Mi\u00e9rt \u00e1rthat teh\u00e1t a t\u00falz\u00e1sba vitt kar\u00e1csonyi takar\u00edt\u00e1s a l\u00e9leknek, a testnek \u00e9s az otthonodnak? - EcoLIFE","robots":{"index":"index","follow":"follow","max-snippet":"max-snippet:-1","max-image-preview":"max-image-preview:large","max-video-preview":"max-video-preview:-1"},"canonical":"https:\/\/www.ecolife.bio\/hu\/blog\/a-kevesebb-neha-tobb-ugye-milyen-ismeros-miert-arthat-tehat-a-tulzasba-vitt-karacsonyi-takaritas-a-leleknek-a-testnek-es-az-otthonodnak\/","og_locale":"hu_HU","og_type":"article","og_title":"A kevesebb n\u00e9ha t\u00f6bb \u2013 ugye milyen ismer\u0151s: Mi\u00e9rt \u00e1rthat teh\u00e1t a t\u00falz\u00e1sba vitt kar\u00e1csonyi takar\u00edt\u00e1s a l\u00e9leknek, a testnek \u00e9s az otthonodnak? - EcoLIFE","og_url":"https:\/\/www.ecolife.bio\/hu\/blog\/a-kevesebb-neha-tobb-ugye-milyen-ismeros-miert-arthat-tehat-a-tulzasba-vitt-karacsonyi-takaritas-a-leleknek-a-testnek-es-az-otthonodnak\/","og_site_name":"EcoLIFE","article_published_time":"2025-12-04T13:42:12+00:00","article_modified_time":"2025-12-04T13:42:19+00:00","og_image":[{"width":1536,"height":1024,"url":"https:\/\/escbfekz6y3.exactdn.com\/wp-content\/uploads\/2025\/12\/BLOG_DEC_7_HU.jpg?strip=all&lossy=1&ssl=1","type":"image\/jpeg"}],"author":"ECOlife","twitter_card":"summary_large_image","twitter_misc":{"Szerz\u0151:":"ECOlife","Becs\u00fclt olvas\u00e1si id\u0151":"3 perc"},"schema":{"@context":"https:\/\/schema.org","@graph":[{"@type":"Article","@id":"https:\/\/www.ecolife.bio\/hu\/blog\/a-kevesebb-neha-tobb-ugye-milyen-ismeros-miert-arthat-tehat-a-tulzasba-vitt-karacsonyi-takaritas-a-leleknek-a-testnek-es-az-otthonodnak\/#article","isPartOf":{"@id":"https:\/\/www.ecolife.bio\/hu\/blog\/a-kevesebb-neha-tobb-ugye-milyen-ismeros-miert-arthat-tehat-a-tulzasba-vitt-karacsonyi-takaritas-a-leleknek-a-testnek-es-az-otthonodnak\/"},"author":{"name":"ECOlife","@id":"https:\/\/www.ecolife.bio\/#\/schema\/person\/be2af9bdce1ebb16fad93486edabfec6"},"headline":"A kevesebb n\u00e9ha t\u00f6bb \u2013 ugye milyen ismer\u0151s: Mi\u00e9rt \u00e1rthat teh\u00e1t a t\u00falz\u00e1sba vitt kar\u00e1csonyi takar\u00edt\u00e1s a l\u00e9leknek, a testnek \u00e9s az otthonodnak?","datePublished":"2025-12-04T13:42:12+00:00","dateModified":"2025-12-04T13:42:19+00:00","mainEntityOfPage":{"@id":"https:\/\/www.ecolife.bio\/hu\/blog\/a-kevesebb-neha-tobb-ugye-milyen-ismeros-miert-arthat-tehat-a-tulzasba-vitt-karacsonyi-takaritas-a-leleknek-a-testnek-es-az-otthonodnak\/"},"wordCount":719,"publisher":{"@id":"https:\/\/www.ecolife.bio\/#organization"},"image":{"@id":"https:\/\/www.ecolife.bio\/hu\/blog\/a-kevesebb-neha-tobb-ugye-milyen-ismeros-miert-arthat-tehat-a-tulzasba-vitt-karacsonyi-takaritas-a-leleknek-a-testnek-es-az-otthonodnak\/#primaryimage"},"thumbnailUrl":"https:\/\/escbfekz6y3.exactdn.com\/wp-content\/uploads\/2025\/12\/BLOG_DEC_7_HU.jpg?strip=all","articleSection":["Blog (HU)"],"inLanguage":"hu"},{"@type":"WebPage","@id":"https:\/\/www.ecolife.bio\/hu\/blog\/a-kevesebb-neha-tobb-ugye-milyen-ismeros-miert-arthat-tehat-a-tulzasba-vitt-karacsonyi-takaritas-a-leleknek-a-testnek-es-az-otthonodnak\/","url":"https:\/\/www.ecolife.bio\/hu\/blog\/a-kevesebb-neha-tobb-ugye-milyen-ismeros-miert-arthat-tehat-a-tulzasba-vitt-karacsonyi-takaritas-a-leleknek-a-testnek-es-az-otthonodnak\/","name":"A kevesebb n\u00e9ha t\u00f6bb \u2013 ugye milyen ismer\u0151s: Mi\u00e9rt \u00e1rthat teh\u00e1t a t\u00falz\u00e1sba vitt kar\u00e1csonyi takar\u00edt\u00e1s a l\u00e9leknek, a testnek \u00e9s az otthonodnak? - EcoLIFE","isPartOf":{"@id":"https:\/\/www.ecolife.bio\/#website"},"primaryImageOfPage":{"@id":"https:\/\/www.ecolife.bio\/hu\/blog\/a-kevesebb-neha-tobb-ugye-milyen-ismeros-miert-arthat-tehat-a-tulzasba-vitt-karacsonyi-takaritas-a-leleknek-a-testnek-es-az-otthonodnak\/#primaryimage"},"image":{"@id":"https:\/\/www.ecolife.bio\/hu\/blog\/a-kevesebb-neha-tobb-ugye-milyen-ismeros-miert-arthat-tehat-a-tulzasba-vitt-karacsonyi-takaritas-a-leleknek-a-testnek-es-az-otthonodnak\/#primaryimage"},"thumbnailUrl":"https:\/\/escbfekz6y3.exactdn.com\/wp-content\/uploads\/2025\/12\/BLOG_DEC_7_HU.jpg?strip=all","datePublished":"2025-12-04T13:42:12+00:00","dateModified":"2025-12-04T13:42:19+00:00","breadcrumb":{"@id":"https:\/\/www.ecolife.bio\/hu\/blog\/a-kevesebb-neha-tobb-ugye-milyen-ismeros-miert-arthat-tehat-a-tulzasba-vitt-karacsonyi-takaritas-a-leleknek-a-testnek-es-az-otthonodnak\/#breadcrumb"},"inLanguage":"hu","potentialAction":[{"@type":"ReadAction","target":["https:\/\/www.ecolife.bio\/hu\/blog\/a-kevesebb-neha-tobb-ugye-milyen-ismeros-miert-arthat-tehat-a-tulzasba-vitt-karacsonyi-takaritas-a-leleknek-a-testnek-es-az-otthonodnak\/"]}]},{"@type":"ImageObject","inLanguage":"hu","@id":"https:\/\/www.ecolife.bio\/hu\/blog\/a-kevesebb-neha-tobb-ugye-milyen-ismeros-miert-arthat-tehat-a-tulzasba-vitt-karacsonyi-takaritas-a-leleknek-a-testnek-es-az-otthonodnak\/#primaryimage","url":"https:\/\/escbfekz6y3.exactdn.com\/wp-content\/uploads\/2025\/12\/BLOG_DEC_7_HU.jpg?strip=all","contentUrl":"https:\/\/escbfekz6y3.exactdn.com\/wp-content\/uploads\/2025\/12\/BLOG_DEC_7_HU.jpg?strip=all","width":1536,"height":1024,"caption":"A kevesebb n\u00e9ha t\u00f6bb - blog"},{"@type":"BreadcrumbList","@id":"https:\/\/www.ecolife.bio\/hu\/blog\/a-kevesebb-neha-tobb-ugye-milyen-ismeros-miert-arthat-tehat-a-tulzasba-vitt-karacsonyi-takaritas-a-leleknek-a-testnek-es-az-otthonodnak\/#breadcrumb","itemListElement":[{"@type":"ListItem","position":1,"name":"Domovsk\u00e1 str\u00e1nka","item":"https:\/\/www.ecolife.bio\/hu\/"},{"@type":"ListItem","position":2,"name":"A kevesebb n\u00e9ha t\u00f6bb \u2013 ugye milyen ismer\u0151s: Mi\u00e9rt \u00e1rthat teh\u00e1t a t\u00falz\u00e1sba vitt kar\u00e1csonyi takar\u00edt\u00e1s a l\u00e9leknek, a testnek \u00e9s az otthonodnak?"}]},{"@type":"WebSite","@id":"https:\/\/www.ecolife.bio\/#website","url":"https:\/\/www.ecolife.bio\/","name":"EcoLIFE","description":"For an Eco-Friendly Planet","publisher":{"@id":"https:\/\/www.ecolife.bio\/#organization"},"potentialAction":[{"@type":"SearchAction","target":{"@type":"EntryPoint","urlTemplate":"https:\/\/www.ecolife.bio\/?s={search_term_string}"},"query-input":{"@type":"PropertyValueSpecification","valueRequired":true,"valueName":"search_term_string"}}],"inLanguage":"hu"},{"@type":"Organization","@id":"https:\/\/www.ecolife.bio\/#organization","name":"ECOlife.bio","url":"https:\/\/www.ecolife.bio\/","logo":{"@type":"ImageObject","inLanguage":"hu","@id":"https:\/\/www.ecolife.bio\/#\/schema\/logo\/image\/","url":"https:\/\/escbfekz6y3.exactdn.com\/wp-content\/uploads\/2022\/03\/ecolife_logo_final.png?strip=all","contentUrl":"https:\/\/escbfekz6y3.exactdn.com\/wp-content\/uploads\/2022\/03\/ecolife_logo_final.png?strip=all","width":500,"height":500,"caption":"ECOlife.bio"},"image":{"@id":"https:\/\/www.ecolife.bio\/#\/schema\/logo\/image\/"}},{"@type":"Person","@id":"https:\/\/www.ecolife.bio\/#\/schema\/person\/be2af9bdce1ebb16fad93486edabfec6","name":"ECOlife","image":{"@type":"ImageObject","inLanguage":"hu","@id":"https:\/\/www.ecolife.bio\/#\/schema\/person\/image\/","url":"https:\/\/secure.gravatar.com\/avatar\/ff779646d61a87e0e97153fd66cbe1ef?s=96&d=mm&r=g","contentUrl":"https:\/\/secure.gravatar.com\/avatar\/ff779646d61a87e0e97153fd66cbe1ef?s=96&d=mm&r=g","caption":"ECOlife"},"url":"https:\/\/www.ecolife.bio\/hu\/blog\/author\/ecolife\/"}]}},"_links":{"self":[{"href":"https:\/\/www.ecolife.bio\/hu\/wp-json\/wp\/v2\/posts\/6111","targetHints":{"allow":["GET"]}}],"collection":[{"href":"https:\/\/www.ecolife.bio\/hu\/wp-json\/wp\/v2\/posts"}],"about":[{"href":"https:\/\/www.ecolife.bio\/hu\/wp-json\/wp\/v2\/types\/post"}],"author":[{"embeddable":true,"href":"https:\/\/www.ecolife.bio\/hu\/wp-json\/wp\/v2\/users\/5"}],"replies":[{"embeddable":true,"href":"https:\/\/www.ecolife.bio\/hu\/wp-json\/wp\/v2\/comments?post=6111"}],"version-history":[{"count":3,"href":"https:\/\/www.ecolife.bio\/hu\/wp-json\/wp\/v2\/posts\/6111\/revisions"}],"predecessor-version":[{"id":6118,"href":"https:\/\/www.ecolife.bio\/hu\/wp-json\/wp\/v2\/posts\/6111\/revisions\/6118"}],"wp:featuredmedia":[{"embeddable":true,"href":"https:\/\/www.ecolife.bio\/hu\/wp-json\/wp\/v2\/media\/6115"}],"wp:attachment":[{"href":"https:\/\/www.ecolife.bio\/hu\/wp-json\/wp\/v2\/media?parent=6111"}],"wp:term":[{"taxonomy":"category","embeddable":true,"href":"https:\/\/www.ecolife.bio\/hu\/wp-json\/wp\/v2\/categories?post=6111"},{"taxonomy":"post_tag","embeddable":true,"href":"https:\/\/www.ecolife.bio\/hu\/wp-json\/wp\/v2\/tags?post=6111"}],"curies":[{"name":"wp","href":"https:\/\/api.w.org\/{rel}","templated":true}]}}